{"id":20874,"date":"2020-12-04T20:48:33","date_gmt":"2020-12-05T02:48:33","guid":{"rendered":"http:\/\/www.zonaroja.com.mx\/?p=20874"},"modified":"2020-12-04T20:48:37","modified_gmt":"2020-12-05T02:48:37","slug":"denuncian-retencion-ilegal-de-una-mujer-por-autoridades-de-la-mixteca","status":"publish","type":"post","link":"https:\/\/zonaroja.com.mx\/?p=20874","title":{"rendered":"Denuncian retenci\u00f3n ilegal de una mujer por autoridades de la Mixteca"},"content":{"rendered":"\n<p>Yuridiana Sosa\/Zona Roja.<\/p>\n\n\n\n<p>Oaxaca de Juarez, Oax., 4 de diciembre de 2020.- Habitantes de la comunidad de Mier y Ter\u00e1n, San Esteban Atatlahuaca, en la regi\u00f3n Mixteca, denunciaron la agresi\u00f3n f\u00edsica y privaci\u00f3n ilegal de la libertad de una mujer por parte del agente municipal, Genaro L\u00f3pez Sandoval.<\/p>\n\n\n\n<p>La femenina de nombre Antonia Sandoval, fue golpeada y detenida desde el pasado 30 de noviembre por alzar la voz a favor de las mujeres de su comunidad ante los atropellos de algunas autoridades y un grupo de hombres que opera a su favor.<\/p>\n\n\n\n<p>Hasta este viernes, la ciudadana continuaba retenida, pero los familiares y pobladores denunciaron que ahora en calidad de secuestro, pues para liberarla piden les pague la cantidad de 100 mil pesos.<\/p>\n\n\n\n<p>Antonia tambi\u00e9n ha recibido amenazas de muerte y durante su retenci\u00f3n se le ha privado el derecho de asistencia m\u00e9dica para revisar sus heridas y golpes, seg\u00fan la denuncia v\u00eda un documento.<\/p>\n\n\n\n<p>Por lo que exigen a la Fiscal\u00eda General del Estado y a la Secretar\u00eda General de Gobierno su inmediata y urgente intervenci\u00f3n para poner a salvo a la mujer, as\u00ed como a aplique la ley contra los responsables.<\/p>\n\n\n\n<p>\u201cLos agresores operan ante el cobijo que dicen tener por parte del fiscal Rub\u00e9n Vasconcelos, por la amistad que mantienen\u201d, indicaron los denunciantes.<\/p>\n\n\n\n<p>Se\u00f1alaron que el agente municipal opera con otros ciudadanos identificados como Juan Gabriel Hern\u00e1ndez Garc\u00eda, Isidro Hern\u00e1ndez, Z\u00f3simo L\u00f3pez Sandoval, Evencio Barrios, Tom\u00e1s de Aquino Garc\u00eda y Valeriano Ria\u00f1o, \u201cquienes han cometido una serie de atropellos y acusan temor en las comunidades de Mier y Ter\u00e1n y Guerrero Grande, sembrando terror y miedo a la poblaci\u00f3n\u201d.<\/p>\n","protected":false},"excerpt":{"rendered":"<p>Yuridiana Sosa\/Zona Roja. Oaxaca de Juarez, Oax., 4 de diciembre de 2020.- Habitantes de la&hellip;<\/p>\n","protected":false},"author":2,"featured_media":20875,"comment_status":"closed","ping_status":"open","sticky":false,"template":"","format":"standard","meta":{"_lmt_disableupdate":"","_lmt_disable":"","_jetpack_memberships_contains_paid_content":false,"footnotes":""},"categories":[109,47],"tags":[1025],"class_list":["post-20874","post","type-post","status-publish","format-standard","has-post-thumbnail","hentry","category-minuto-a-minuto","category-zona-gris","tag-san-esteban-atatlahuca"],"jetpack_featured_media_url":"https:\/\/zonaroja.com.mx\/wp-content\/uploads\/2020\/12\/Agredida-Atatlahuca.jpg","jetpack_sharing_enabled":true,"_links":{"self":[{"href":"https:\/\/zonaroja.com.mx\/index.php?rest_route=\/wp\/v2\/posts\/20874","targetHints":{"allow":["GET"]}}],"collection":[{"href":"https:\/\/zonaroja.com.mx\/index.php?rest_route=\/wp\/v2\/posts"}],"about":[{"href":"https:\/\/zonaroja.com.mx\/index.php?rest_route=\/wp\/v2\/types\/post"}],"author":[{"embeddable":true,"href":"https:\/\/zonaroja.com.mx\/index.php?rest_route=\/wp\/v2\/users\/2"}],"replies":[{"embeddable":true,"href":"https:\/\/zonaroja.com.mx\/index.php?rest_route=%2Fwp%2Fv2%2Fcomments&post=20874"}],"version-history":[{"count":1,"href":"https:\/\/zonaroja.com.mx\/index.php?rest_route=\/wp\/v2\/posts\/20874\/revisions"}],"predecessor-version":[{"id":20876,"href":"https:\/\/zonaroja.com.mx\/index.php?rest_route=\/wp\/v2\/posts\/20874\/revisions\/20876"}],"wp:featuredmedia":[{"embeddable":true,"href":"https:\/\/zonaroja.com.mx\/index.php?rest_route=\/wp\/v2\/media\/20875"}],"wp:attachment":[{"href":"https:\/\/zonaroja.com.mx\/index.php?rest_route=%2Fwp%2Fv2%2Fmedia&parent=20874"}],"wp:term":[{"taxonomy":"category","embeddable":true,"href":"https:\/\/zonaroja.com.mx\/index.php?rest_route=%2Fwp%2Fv2%2Fcategories&post=20874"},{"taxonomy":"post_tag","embeddable":true,"href":"https:\/\/zonaroja.com.mx\/index.php?rest_route=%2Fwp%2Fv2%2Ftags&post=20874"}],"curies":[{"name":"wp","href":"https:\/\/api.w.org\/{rel}","templated":true}]}}