{"id":2088,"date":"2019-07-07T16:36:47","date_gmt":"2019-07-07T21:36:47","guid":{"rendered":"http:\/\/www.zonaroja.com.mx\/?p=2088"},"modified":"2019-07-07T16:36:49","modified_gmt":"2019-07-07T21:36:49","slug":"resurge-conflicto-en-cuilapam-hay-una-persona-herida","status":"publish","type":"post","link":"https:\/\/zonaroja.com.mx\/?p=2088","title":{"rendered":"Resurge conflicto en Cuil\u00e1pam; hay una persona herida"},"content":{"rendered":"\n<p>Redacci\u00f3n<\/p>\n\n\n\n<p>Oaxaca de\nJu\u00e1rez, Oax., 7 de julio de 2019.- El conflicto agrario entre Cuil\u00e1pam de\nGuerrero y San Pablo Cuatro Venados resurgi\u00f3 este domingo, con saldo preliminar\nde una persona lesionada por disparo de arma de fuego.<\/p>\n\n\n\n<p>La v\u00edctima\nfue identificada como Bernardo F. H., de 50 a\u00f1os de edad, con domicilio en el\nBarrio Grande de Cuil\u00e1pam.<\/p>\n\n\n\n<p>El hombre se\nencontraba laborando su parcela cuando recibi\u00f3 un balazo, presuntamente por\ninvasores de sus tierras, que son habitantes de Cuatro Venados. Tras ello fue\ntrasladado a una cl\u00ednica para su atenci\u00f3n m\u00e9dica.<\/p>\n\n\n\n<p>El pasado 31\nde mayo se registraron tambi\u00e9n detonaciones de armas de fuego y desalojo de\npresuntos invasores de tierras, que finalmente result\u00f3 que eran habitantes de\nCuatro Venados.<\/p>\n\n\n\n<p>No obstante,\nCuil\u00e1pam difundi\u00f3 que se trataba de \u201cparacaidistas\u201d de la organizaci\u00f3n Frente\nPopular \u201c14 de Junio\u201d.<\/p>\n","protected":false},"excerpt":{"rendered":"<p>Redacci\u00f3n Oaxaca de Ju\u00e1rez, Oax., 7 de julio de 2019.- El conflicto agrario entre Cuil\u00e1pam&hellip;<\/p>\n","protected":false},"author":2,"featured_media":2089,"comment_status":"closed","ping_status":"open","sticky":false,"template":"","format":"standard","meta":{"_lmt_disableupdate":"","_lmt_disable":"","_jetpack_memberships_contains_paid_content":false,"footnotes":""},"categories":[109,47],"tags":[],"class_list":["post-2088","post","type-post","status-publish","format-standard","has-post-thumbnail","hentry","category-minuto-a-minuto","category-zona-gris"],"jetpack_featured_media_url":"https:\/\/zonaroja.com.mx\/wp-content\/uploads\/2019\/07\/IMG_7040.jpg","jetpack_sharing_enabled":true,"_links":{"self":[{"href":"https:\/\/zonaroja.com.mx\/index.php?rest_route=\/wp\/v2\/posts\/2088","targetHints":{"allow":["GET"]}}],"collection":[{"href":"https:\/\/zonaroja.com.mx\/index.php?rest_route=\/wp\/v2\/posts"}],"about":[{"href":"https:\/\/zonaroja.com.mx\/index.php?rest_route=\/wp\/v2\/types\/post"}],"author":[{"embeddable":true,"href":"https:\/\/zonaroja.com.mx\/index.php?rest_route=\/wp\/v2\/users\/2"}],"replies":[{"embeddable":true,"href":"https:\/\/zonaroja.com.mx\/index.php?rest_route=%2Fwp%2Fv2%2Fcomments&post=2088"}],"version-history":[{"count":1,"href":"https:\/\/zonaroja.com.mx\/index.php?rest_route=\/wp\/v2\/posts\/2088\/revisions"}],"predecessor-version":[{"id":2090,"href":"https:\/\/zonaroja.com.mx\/index.php?rest_route=\/wp\/v2\/posts\/2088\/revisions\/2090"}],"wp:featuredmedia":[{"embeddable":true,"href":"https:\/\/zonaroja.com.mx\/index.php?rest_route=\/wp\/v2\/media\/2089"}],"wp:attachment":[{"href":"https:\/\/zonaroja.com.mx\/index.php?rest_route=%2Fwp%2Fv2%2Fmedia&parent=2088"}],"wp:term":[{"taxonomy":"category","embeddable":true,"href":"https:\/\/zonaroja.com.mx\/index.php?rest_route=%2Fwp%2Fv2%2Fcategories&post=2088"},{"taxonomy":"post_tag","embeddable":true,"href":"https:\/\/zonaroja.com.mx\/index.php?rest_route=%2Fwp%2Fv2%2Ftags&post=2088"}],"curies":[{"name":"wp","href":"https:\/\/api.w.org\/{rel}","templated":true}]}}