{"id":20887,"date":"2020-12-05T07:45:35","date_gmt":"2020-12-05T13:45:35","guid":{"rendered":"http:\/\/www.zonaroja.com.mx\/?p=20887"},"modified":"2020-12-05T07:45:39","modified_gmt":"2020-12-05T13:45:39","slug":"otra-mujer-asesinada-en-oaxaca-ahora-en-san-antonino-castillo-velasco","status":"publish","type":"post","link":"https:\/\/zonaroja.com.mx\/?p=20887","title":{"rendered":"\u00a1Otra mujer asesinada en Oaxaca!, ahora en San Antonino Castillo Velasco"},"content":{"rendered":"\n<p>Ismael Garc\u00eda M.\/Zona Roja.<\/p>\n\n\n\n<p>Oaxaca de Ju\u00e1rez, Oax., 5 de diciembre de 2020.- La violencia feminicida no cesa en Oaxaca. Anoche, otra mujer fue asesinada por disparos de arma de fuego y su hijo lesionado, en inmediaciones de San Antonino Castillo Velasco, municipio distante a unos 30 kil\u00f3metros al sur de la ciudad de Oaxaca.<\/p>\n\n\n\n<p>Fue aproximadamente a las 20:00 horas de este viernes en que sujetos armados ingresaron a la lavander\u00eda \u201cLupita\u201d, ubicado cerca de la carretera federal 175, en la colindancia con Ocotl\u00e1n de Morelos, y dispararon de manera directa en contra de ambas personas.<\/p>\n\n\n\n<p>En el lugar perdi\u00f3 la vida Guadalupe Z. M., de 75 a\u00f1os de edad, mientras que su hijo David, de 33 a\u00f1os, fue trasladado grave a un hospital en la capital del estado.<\/p>\n\n\n\n<p>Personal de la Fiscal\u00eda General del Estado de Oaxaca inici\u00f3 las indagatorias bajo los protocolos de feminicidios; hasta esta ma\u00f1ana, no hay personas detenidas por este caso.<\/p>\n\n\n\n<p>En una semana, en la entidad han sido asesinadas al menos ocho mujeres, una el 27 de noviembre en San Francisco del Mar; el d\u00eda 29, una en Santa Cruz Xoxocotl\u00e1n y otra en Ocotl\u00e1n de Morelos; una tercera en la ciudad de Oaxaca, aunque seg\u00fan informes preliminares, este caso fue por broncoaspiraci\u00f3n.<\/p>\n\n\n\n<p>El 30 de noviembre en Santiago Suchilquitongo fue hallado el cuerpo de Geovanna, desaparecida el 25 de noviembre en San Agust\u00edn, Etla; el 1 de diciembre ultimaron a balazos a \u201cShirley\u201d en la ciudad de Oaxaca y el 3 de diciembre otra mujer en Miahuatl\u00e1n de Porfirio D\u00edaz.<\/p>\n","protected":false},"excerpt":{"rendered":"<p>Ismael Garc\u00eda M.\/Zona Roja. Oaxaca de Ju\u00e1rez, Oax., 5 de diciembre de 2020.- La violencia&hellip;<\/p>\n","protected":false},"author":2,"featured_media":20888,"comment_status":"closed","ping_status":"open","sticky":false,"template":"","format":"standard","meta":{"_lmt_disableupdate":"","_lmt_disable":"","_jetpack_memberships_contains_paid_content":false,"footnotes":""},"categories":[109,51],"tags":[610,200],"class_list":["post-20887","post","type-post","status-publish","format-standard","has-post-thumbnail","hentry","category-minuto-a-minuto","category-zona-roja","tag-feminicidios-oaxaca","tag-san-antonino-castillo-velasco"],"jetpack_featured_media_url":"https:\/\/zonaroja.com.mx\/wp-content\/uploads\/2020\/12\/Mujer-asesinada-San-Antonino.jpg","jetpack_sharing_enabled":true,"_links":{"self":[{"href":"https:\/\/zonaroja.com.mx\/index.php?rest_route=\/wp\/v2\/posts\/20887","targetHints":{"allow":["GET"]}}],"collection":[{"href":"https:\/\/zonaroja.com.mx\/index.php?rest_route=\/wp\/v2\/posts"}],"about":[{"href":"https:\/\/zonaroja.com.mx\/index.php?rest_route=\/wp\/v2\/types\/post"}],"author":[{"embeddable":true,"href":"https:\/\/zonaroja.com.mx\/index.php?rest_route=\/wp\/v2\/users\/2"}],"replies":[{"embeddable":true,"href":"https:\/\/zonaroja.com.mx\/index.php?rest_route=%2Fwp%2Fv2%2Fcomments&post=20887"}],"version-history":[{"count":1,"href":"https:\/\/zonaroja.com.mx\/index.php?rest_route=\/wp\/v2\/posts\/20887\/revisions"}],"predecessor-version":[{"id":20889,"href":"https:\/\/zonaroja.com.mx\/index.php?rest_route=\/wp\/v2\/posts\/20887\/revisions\/20889"}],"wp:featuredmedia":[{"embeddable":true,"href":"https:\/\/zonaroja.com.mx\/index.php?rest_route=\/wp\/v2\/media\/20888"}],"wp:attachment":[{"href":"https:\/\/zonaroja.com.mx\/index.php?rest_route=%2Fwp%2Fv2%2Fmedia&parent=20887"}],"wp:term":[{"taxonomy":"category","embeddable":true,"href":"https:\/\/zonaroja.com.mx\/index.php?rest_route=%2Fwp%2Fv2%2Fcategories&post=20887"},{"taxonomy":"post_tag","embeddable":true,"href":"https:\/\/zonaroja.com.mx\/index.php?rest_route=%2Fwp%2Fv2%2Ftags&post=20887"}],"curies":[{"name":"wp","href":"https:\/\/api.w.org\/{rel}","templated":true}]}}