{"id":20890,"date":"2020-12-05T08:27:54","date_gmt":"2020-12-05T14:27:54","guid":{"rendered":"http:\/\/www.zonaroja.com.mx\/?p=20890"},"modified":"2020-12-05T08:27:59","modified_gmt":"2020-12-05T14:27:59","slug":"confirman-que-presidenta-municipal-de-san-jacinto-amilpas-incurrio-en-violencia-de-genero","status":"publish","type":"post","link":"https:\/\/zonaroja.com.mx\/?p=20890","title":{"rendered":"Confirman que presidenta municipal de San Jacinto Amilpas incurri\u00f3 en violencia de g\u00e9nero"},"content":{"rendered":"\n<p>Redacci\u00f3n\/Zona Roja.<\/p>\n\n\n\n<p>Oaxaca de Ju\u00e1rez, Oaxaca a 4 de diciembre de 2020.- En sesi\u00f3n p\u00fablica, el Tribunal Electoral del Estado de Oaxaca (TEEO) determin\u00f3 ayer, en el juicio ciudadano JDC\/90\/2020, que la presidenta municipal de San Jacinto Amilpas, Yolanda Santos Monta\u00f1o, ha incurrido en actos reiterados de violencia pol\u00edtica en raz\u00f3n de g\u00e9nero, en contra de la regidora de Equidad y G\u00e9nero de ese ayuntamiento, M\u00f3nica Bel\u00e9n Morales Bernal.<\/p>\n\n\n\n<p>En la sentencia se advierte que la autoridad se\u00f1alada incurri\u00f3 en conductas omisivas que se traducen en impedimentos materiales para que la actora desempe\u00f1e el cargo, y que van dirigidas a privarla de la oportunidad de ejercer su derechos pol\u00edtico electorales de ser votada en su vertiente de acceso y desempe\u00f1o del cargo, se\u00f1al\u00f3 en un comunicado.<\/p>\n\n\n\n<p>La magistrada y los magistrados del TEEO declararon fundados los agravios contra la regidora relativos a la privaci\u00f3n de presidir la comisi\u00f3n municipal de su \u00e1rea, participar en comisiones vinculadas y omisi\u00f3n del pago de dietas.<\/p>\n\n\n\n<p>\u201cA pesar que este Tribunal ha emitido resoluciones de diversos expedientes teniendo por acreditada la obstaculizaci\u00f3n por parte de la citada autoridad de no convocar a la actora a sesiones de Cabildo, esta no ha dado cabal cumplimiento a lo que se le ha ordenado en las referidas ejecutorias, actualizando con ello, la repetici\u00f3n del acto reclamado\u201d, expone la resoluci\u00f3n.<\/p>\n\n\n\n<p>Por otro lado, el Pleno sobresey\u00f3 los juicios ciudadanos con claves JDC\/29\/2020 y JDC\/32\/2020 promovidos por concejales del ayuntamiento de Ayotzintepec contra el presidente municipal de esa localidad, toda vez que los actores se desistieron, por escrito, de sus demandas.<\/p>\n","protected":false},"excerpt":{"rendered":"<p>Redacci\u00f3n\/Zona Roja. Oaxaca de Ju\u00e1rez, Oaxaca a 4 de diciembre de 2020.- En sesi\u00f3n p\u00fablica,&hellip;<\/p>\n","protected":false},"author":2,"featured_media":20891,"comment_status":"closed","ping_status":"open","sticky":false,"template":"","format":"standard","meta":{"_lmt_disableupdate":"","_lmt_disable":"","_jetpack_memberships_contains_paid_content":false,"footnotes":""},"categories":[109,47],"tags":[366],"class_list":["post-20890","post","type-post","status-publish","format-standard","has-post-thumbnail","hentry","category-minuto-a-minuto","category-zona-gris","tag-yolanda-santos-san-jacinto-amilpas"],"jetpack_featured_media_url":"https:\/\/zonaroja.com.mx\/wp-content\/uploads\/2020\/12\/Yolanda-Santos-Montano.jpg","jetpack_sharing_enabled":true,"_links":{"self":[{"href":"https:\/\/zonaroja.com.mx\/index.php?rest_route=\/wp\/v2\/posts\/20890","targetHints":{"allow":["GET"]}}],"collection":[{"href":"https:\/\/zonaroja.com.mx\/index.php?rest_route=\/wp\/v2\/posts"}],"about":[{"href":"https:\/\/zonaroja.com.mx\/index.php?rest_route=\/wp\/v2\/types\/post"}],"author":[{"embeddable":true,"href":"https:\/\/zonaroja.com.mx\/index.php?rest_route=\/wp\/v2\/users\/2"}],"replies":[{"embeddable":true,"href":"https:\/\/zonaroja.com.mx\/index.php?rest_route=%2Fwp%2Fv2%2Fcomments&post=20890"}],"version-history":[{"count":1,"href":"https:\/\/zonaroja.com.mx\/index.php?rest_route=\/wp\/v2\/posts\/20890\/revisions"}],"predecessor-version":[{"id":20892,"href":"https:\/\/zonaroja.com.mx\/index.php?rest_route=\/wp\/v2\/posts\/20890\/revisions\/20892"}],"wp:featuredmedia":[{"embeddable":true,"href":"https:\/\/zonaroja.com.mx\/index.php?rest_route=\/wp\/v2\/media\/20891"}],"wp:attachment":[{"href":"https:\/\/zonaroja.com.mx\/index.php?rest_route=%2Fwp%2Fv2%2Fmedia&parent=20890"}],"wp:term":[{"taxonomy":"category","embeddable":true,"href":"https:\/\/zonaroja.com.mx\/index.php?rest_route=%2Fwp%2Fv2%2Fcategories&post=20890"},{"taxonomy":"post_tag","embeddable":true,"href":"https:\/\/zonaroja.com.mx\/index.php?rest_route=%2Fwp%2Fv2%2Ftags&post=20890"}],"curies":[{"name":"wp","href":"https:\/\/api.w.org\/{rel}","templated":true}]}}