{"id":20895,"date":"2020-12-05T10:30:41","date_gmt":"2020-12-05T16:30:41","guid":{"rendered":"https:\/\/www.zonaroja.com.mx\/?p=20895"},"modified":"2020-12-05T10:37:34","modified_gmt":"2020-12-05T16:37:34","slug":"crimenes-de-odio-impunes-en-oaxaca-denuncian-activistas-piden-justicia","status":"publish","type":"post","link":"https:\/\/zonaroja.com.mx\/?p=20895","title":{"rendered":"Cr\u00edmenes de odio impunes en Oaxaca, denuncian activistas; piden justicia"},"content":{"rendered":"\n<p class=\"MsoNormal\">Evlin Arag\u00f3n\/Zona Roja. <\/p>\n\n\n\n<p class=\"MsoNormal\">Oaxaca de Ju\u00e1rez, Oax., 5 de diciembre de 2020.- Activistas sociales, defensores y defensoras de los derechos humanos de la regi\u00f3n de la regi\u00f3n del Istmo de Tehuantepec, manifestaron su absoluta indignaci\u00f3n ante los recientes cr\u00edmenes cometidos en contra de la comunidad LGBTTTI+, para los cuales exigieron justicia. <\/p>\n\n\n\n<p class=\"MsoNormal\">De forma particular, hicieron referencia a los recientes casos de Geovanna y \u201cShyrley\u201d Scarleth quienes, aseguraron, fueron asesinadas debido al odio transf\u00f3bico que se registra por el simple hecho de representar a este sector diferente, que siempre esta reclamando derecho y respeto.  <\/p>\n\n\n\n<p class=\"MsoNormal\">Lamentaron que ambas mujeres se hayan convertido en una cifra m\u00e1s en torno a los cr\u00edmenes de odio suscitados de manera cotidiana en Oaxaca y para las cuales no hay justicia, tal es caso de Oscar Cazorla, cuyo asesinato conmocion\u00f3 a la comunidad muxe de Juchit\u00e1n de Zaragoza, sin embargo, se mantiene en la impunidad desde hace dos a\u00f1os.  <\/p>\n\n\n\n<p class=\"MsoNormal\">\u201cLa indignaci\u00f3n que nos embarga como sector muxhe en el Istmo de Tehuantepec, es por qu\u00e9 Geovana e ha convertido en una cifra m\u00e1s de estos cr\u00edmenes de odio, igual que tantas otras como el de nuestro compa\u00f1ero Oscar Cazorla que a dos a\u00f1o su crimen continua impune\u201d, refieren en un comunicado.&nbsp;<\/p>\n\n\n\n<p class=\"MsoNormal\">Por lo anterior hicieron un llamado al Presidente de la Rep\u00fablica, Andr\u00e9s Manuel L\u00f3pez Obrador; al gobernador de Oaxaca, Alejandro Murat Hinojosa; y al fiscal general, Rub\u00e9n Vasconcelos M\u00e9ndez, para que act\u00faen con prontitud y garanticen la vida de las personas de las comunidades de identidad y sexualidad diversa. <\/p>\n\n\n\n<p class=\"MsoNormal\">Pese a los niveles de impunidad que hasta el momento se registran, manifestaron su confianza hacia el trabajo que realicen las autoridades, a quienes recordaron que sus muertas como cualquier otro ser humanos merecen respeto y justicia, raz\u00f3n por la que estararan pendientes de su actuar.&nbsp;&nbsp;&nbsp;<\/p>\n\n\n\n<p class=\"MsoNormal\">Manifestaron que desde la regi\u00f3n del Istmo har\u00e1n sinergia con otras organizaciones locales y nacionales para exigir justicia por los recientes asesinatos de mujeres trans y todos los cr\u00edmenes de odio a los que se les debe de poner un alto.&nbsp;&nbsp;&nbsp;<\/p>\n\n\n\n<p class=\"MsoNormal\">Al respecto, coincidieron representantes de la La Aut\u00e9nticas Intr\u00e9pidas Buscadoras del Peligro A.C.; Colectivo Binni Laanu A.C.; Grupo de Mujeres <a href=\"\/\/0\">8 de Marzo<\/a>; Fundaci\u00f3n Mexicana para la Planeaci\u00f3n Familiar A.C MEXFAM; Red Institucional para la Prevenci\u00f3n y Atenci\u00f3n a Casos de Violencia Familiar y Sexual en la Regi\u00f3n del Istmo de Tehuantepec; Las Otras Hijas de San Vicente A.C.; y Amaruss Guendanavani Ixtepec A.C. <\/p>\n\n\n\n<p class=\"MsoNormal\">Geovanna desapareci\u00f3 el 25 de noviembre en San Agust\u00edn, Etla, su cuerpo sin vida fue localizado  en un paraje de Santiago Suchilquitongo, cinco d\u00edas despu\u00e9s despu\u00e9s del reporte, con signos de tortura y estado de descomposici\u00f3n. <\/p>\n\n\n\n<p class=\"MsoNormal\">Mientras que \u201cShirley\u201d Scarleth fue asesinada con disparos de arma de fuego al interior de su negocio, ubicado en el barrio del antiguo Marquesado, en la ciudad de Oaxaca.   <\/p>\n","protected":false},"excerpt":{"rendered":"<p>Evlin Arag\u00f3n\/Zona Roja. Oaxaca de Ju\u00e1rez, Oax., 5 de diciembre de 2020.- Activistas sociales, defensores&hellip;<\/p>\n","protected":false},"author":2,"featured_media":20894,"comment_status":"closed","ping_status":"open","sticky":false,"template":"","format":"standard","meta":{"_lmt_disableupdate":"","_lmt_disable":"","_jetpack_memberships_contains_paid_content":false,"footnotes":""},"categories":[109,47],"tags":[],"class_list":["post-20895","post","type-post","status-publish","format-standard","has-post-thumbnail","hentry","category-minuto-a-minuto","category-zona-gris"],"jetpack_featured_media_url":"https:\/\/zonaroja.com.mx\/wp-content\/uploads\/2020\/12\/img_0877-1.jpg","jetpack_sharing_enabled":true,"_links":{"self":[{"href":"https:\/\/zonaroja.com.mx\/index.php?rest_route=\/wp\/v2\/posts\/20895","targetHints":{"allow":["GET"]}}],"collection":[{"href":"https:\/\/zonaroja.com.mx\/index.php?rest_route=\/wp\/v2\/posts"}],"about":[{"href":"https:\/\/zonaroja.com.mx\/index.php?rest_route=\/wp\/v2\/types\/post"}],"author":[{"embeddable":true,"href":"https:\/\/zonaroja.com.mx\/index.php?rest_route=\/wp\/v2\/users\/2"}],"replies":[{"embeddable":true,"href":"https:\/\/zonaroja.com.mx\/index.php?rest_route=%2Fwp%2Fv2%2Fcomments&post=20895"}],"version-history":[{"count":2,"href":"https:\/\/zonaroja.com.mx\/index.php?rest_route=\/wp\/v2\/posts\/20895\/revisions"}],"predecessor-version":[{"id":20897,"href":"https:\/\/zonaroja.com.mx\/index.php?rest_route=\/wp\/v2\/posts\/20895\/revisions\/20897"}],"wp:featuredmedia":[{"embeddable":true,"href":"https:\/\/zonaroja.com.mx\/index.php?rest_route=\/wp\/v2\/media\/20894"}],"wp:attachment":[{"href":"https:\/\/zonaroja.com.mx\/index.php?rest_route=%2Fwp%2Fv2%2Fmedia&parent=20895"}],"wp:term":[{"taxonomy":"category","embeddable":true,"href":"https:\/\/zonaroja.com.mx\/index.php?rest_route=%2Fwp%2Fv2%2Fcategories&post=20895"},{"taxonomy":"post_tag","embeddable":true,"href":"https:\/\/zonaroja.com.mx\/index.php?rest_route=%2Fwp%2Fv2%2Ftags&post=20895"}],"curies":[{"name":"wp","href":"https:\/\/api.w.org\/{rel}","templated":true}]}}