{"id":20898,"date":"2020-12-05T11:58:09","date_gmt":"2020-12-05T17:58:09","guid":{"rendered":"http:\/\/www.zonaroja.com.mx\/?p=20898"},"modified":"2020-12-05T11:58:13","modified_gmt":"2020-12-05T17:58:13","slug":"fernanda-primera-mujer-trans-en-putla-en-recibir-acta-de-identidad-de-genero","status":"publish","type":"post","link":"https:\/\/zonaroja.com.mx\/?p=20898","title":{"rendered":"Fernanda, primera mujer trans en Putla en recibir acta de identidad de g\u00e9nero"},"content":{"rendered":"\n<p>Yuridiana Sosa\/Zona Roja.<\/p>\n\n\n\n<p>Oaxaca de Ju\u00e1rez, Oax., 5 de diciembre de 2020.- Fernanda Barrios Jim\u00e9nez se convirti\u00f3 en la primera persona transg\u00e9nero en el municipio de Putla Villa de Guerrero, Oaxaca, en recibir su acta de nacimientos con identidad de g\u00e9nero.<\/p>\n\n\n\n<p>La joven mujer de 33 a\u00f1os de edad, quien ha luchado por una identidad plena, dijo a ZONA ROJA sentirse feliz y plena por lograr ser reconocida legalmente conforme a su g\u00e9nero femenino, pues con este procedimiento, se anula cualquier otro registro.<\/p>\n\n\n\n<p>\u201cEl d\u00eda de hoy se concluy\u00f3 una larga espera y por fin soy reconocida legalmente conforme a mi g\u00e9nero femenino\u201d, escribi\u00f3 Fernanda este jueves 3 de diciembre, en su perfil de Facebook.<\/p>\n\n\n\n<p>Aunque ya contaba con una credencial de elector, pues hab\u00eda logrado el cambio de nombre hace unos cuatro a\u00f1os, a\u00fan faltaba este proceso que le da certeza y le permite recibir cualquier otro servicio o incluso derecho que anteriormente le era negado.<\/p>\n\n\n\n<p>Fernanda motiv\u00f3 al resto de hombres y mujeres que se encuentran en un cambio de g\u00e9nero, a continuar y no desmotivarse ante cualquier proceso burocr\u00e1tico, pues las leyes actualmente est\u00e1n reformadas para garantizar el derecho a una identidad conforme a tu g\u00e9nero.<\/p>\n\n\n\n<p>La joven mujer, de oficio estilista, indic\u00f3 que su lucha ante el sistema burocr\u00e1tico comenz\u00f3 desde el 2014, cuando decidi\u00f3 cambiarse el nombre.<\/p>\n\n\n\n<p>\u201cEra vergonzoso asistir a un servicio m\u00e9dico o cualquier otro donde al nombrarte te llamaban con un nombre de hombre, y cuando ve\u00edan que me pon\u00eda de pie todos se sorprend\u00edan, me miraban, pues toda mi apariencia es de mujer. Eso me motiv\u00f3 a cambiar mi identidad\u201d, expres\u00f3.<\/p>\n\n\n\n<p>Hoy, con todo un registro legal a su favor que la reconoce como lo que se siente y es, Fernanda tiene muchas metas por cumplir.<\/p>\n\n\n\n<p>En 2018 Fernanda denunci\u00f3 ante la Defensor\u00eda de los Derechos Humanos del Pueblo de Oaxaca a personal del Seguro Popular de Putla al negarle el derecho a una consulta, situaci\u00f3n que se bas\u00f3 en su identidad.<\/p>\n\n\n\n<p>ALTO A LA VIOLENCIA DE G\u00c9NERO<\/p>\n\n\n\n<p>Fernanda Barrios lament\u00f3 la escalada de violencia por raz\u00f3n de g\u00e9nero en Oaxaca, a la que se suma los lamentables asesinatos de mujeres pertenecientes a la comunidad de la diversidad sexual.<\/p>\n\n\n\n<p>Con su identidad legal, Fernanda tiene el compromiso y sue\u00f1o de adherirse a los grupos de mujeres que luchan contra la violencia, la cual se sufre desde distintos espacios.<\/p>\n\n\n\n<p>\u201cEs preocupante lo que vivimos, ya no puedes confiar en nadie; ir a la calle se ha vuelto un peligro para todas\u201d, expres\u00f3 con preocupaci\u00f3n Fernanda, quien se\u00f1al\u00f3 que las mujeres trans tambi\u00e9n sufren de todas esas formas de violencia que el resto de las oaxaque\u00f1as.<\/p>\n","protected":false},"excerpt":{"rendered":"<p>Yuridiana Sosa\/Zona Roja. Oaxaca de Ju\u00e1rez, Oax., 5 de diciembre de 2020.- Fernanda Barrios Jim\u00e9nez&hellip;<\/p>\n","protected":false},"author":2,"featured_media":20899,"comment_status":"closed","ping_status":"open","sticky":false,"template":"","format":"standard","meta":{"_lmt_disableupdate":"","_lmt_disable":"","_jetpack_memberships_contains_paid_content":false,"footnotes":""},"categories":[109,46],"tags":[2274],"class_list":["post-20898","post","type-post","status-publish","format-standard","has-post-thumbnail","hentry","category-minuto-a-minuto","category-zona-blanca","tag-fernanda-barrios-jimenez"],"jetpack_featured_media_url":"https:\/\/zonaroja.com.mx\/wp-content\/uploads\/2020\/12\/Fernanda-Barrios.jpg","jetpack_sharing_enabled":true,"_links":{"self":[{"href":"https:\/\/zonaroja.com.mx\/index.php?rest_route=\/wp\/v2\/posts\/20898","targetHints":{"allow":["GET"]}}],"collection":[{"href":"https:\/\/zonaroja.com.mx\/index.php?rest_route=\/wp\/v2\/posts"}],"about":[{"href":"https:\/\/zonaroja.com.mx\/index.php?rest_route=\/wp\/v2\/types\/post"}],"author":[{"embeddable":true,"href":"https:\/\/zonaroja.com.mx\/index.php?rest_route=\/wp\/v2\/users\/2"}],"replies":[{"embeddable":true,"href":"https:\/\/zonaroja.com.mx\/index.php?rest_route=%2Fwp%2Fv2%2Fcomments&post=20898"}],"version-history":[{"count":1,"href":"https:\/\/zonaroja.com.mx\/index.php?rest_route=\/wp\/v2\/posts\/20898\/revisions"}],"predecessor-version":[{"id":20900,"href":"https:\/\/zonaroja.com.mx\/index.php?rest_route=\/wp\/v2\/posts\/20898\/revisions\/20900"}],"wp:featuredmedia":[{"embeddable":true,"href":"https:\/\/zonaroja.com.mx\/index.php?rest_route=\/wp\/v2\/media\/20899"}],"wp:attachment":[{"href":"https:\/\/zonaroja.com.mx\/index.php?rest_route=%2Fwp%2Fv2%2Fmedia&parent=20898"}],"wp:term":[{"taxonomy":"category","embeddable":true,"href":"https:\/\/zonaroja.com.mx\/index.php?rest_route=%2Fwp%2Fv2%2Fcategories&post=20898"},{"taxonomy":"post_tag","embeddable":true,"href":"https:\/\/zonaroja.com.mx\/index.php?rest_route=%2Fwp%2Fv2%2Ftags&post=20898"}],"curies":[{"name":"wp","href":"https:\/\/api.w.org\/{rel}","templated":true}]}}