{"id":20901,"date":"2020-12-05T12:35:48","date_gmt":"2020-12-05T18:35:48","guid":{"rendered":"http:\/\/www.zonaroja.com.mx\/?p=20901"},"modified":"2020-12-05T12:35:53","modified_gmt":"2020-12-05T18:35:53","slug":"dura-realidad-en-oaxaca-desmiente-informe-del-gobernador-educa","status":"publish","type":"post","link":"https:\/\/zonaroja.com.mx\/?p=20901","title":{"rendered":"Dura realidad en Oaxaca desmiente informe del gobernador: Educa"},"content":{"rendered":"\n<p>Evlin Arag\u00f3n\/Zona Roja.<\/p>\n\n\n\n<p>Oaxaca de Ju\u00e1rez, Oax., 5 de diciembre de 2020.- Pese a los n\u00fameros alentadores presentados recientemente por el gobierno de Alejandro Murat Hinojosa, como parte de su Cuarto Informe de actividades, organizaciones como Servicios para una Educaci\u00f3n Alternativa A.C. (Educa) asegura que la dura realidad del d\u00eda a d\u00eda de la poblaci\u00f3n oaxaque\u00f1a desmiente esta realidad ficticia.<\/p>\n\n\n\n<p>La crisis econ\u00f3mica, la inseguridad, la inestabilidad social y la falta de gobernabilidad, as\u00ed como el dudoso buen manejo de la pandemia son los rubros que echan por tierra los resultados \u201cpositivos\u201d que enunci\u00f3 el titular del Ejecutivo, en un informe que se jact\u00f3 de novedoso e innovador.<\/p>\n\n\n\n<p>\u201cOaxaca mantiene indicadores de marginaci\u00f3n y de subdesarrollo que lo ubican como el segundo estado m\u00e1s pobre del pa\u00eds. Despu\u00e9s de cuatro a\u00f1os de gobierno, el discurso de \u00e9xito en la narrativa oficial empieza a mostrar sus grietas\u201d.<\/p>\n\n\n\n<p>De acuerdo al comunicado emitido por la organizaci\u00f3n civil que dirige Marcos Leyva Madrid, existe una crisis visible en la econom\u00eda local, particularmente en la industria restaurantera que se ha ido a la baja con la pandemia, mientras que el incremente del tres por ciento en el rubro est\u00e1 relacionado a la explotaci\u00f3n minera, los proyectos de desarrollo e\u00f3lico, el turismo, las remesas y los proyectos del gobierno federal.&nbsp;<\/p>\n\n\n\n<p>Se trata de un crecimiento macroecon\u00f3mico, que no se refleja en la econom\u00eda local, raz\u00f3n por la que en las comunidades del interior del estado la gente \u201cse rasca con sus propias u\u00f1as\u201d: diversifica sus fuentes de ingreso, promueven acciones de intercambio econ\u00f3mico y comercial, enfrentan el crimen organizado que ha tomado el control de la econom\u00eda informal y algunos sectores de la econom\u00eda formal, resienten el incremento de productos de la canasta b\u00e1sica.<\/p>\n\n\n\n<p>\u201cToda esta situaci\u00f3n contrasta con la narrativa de bonanza y crecimiento econ\u00f3mico que todos los d\u00edas promueve, con discursos publicitarios, el gobierno en turno\u201d.&nbsp;<\/p>\n\n\n\n<p>El documento enuncia que el rubro de la estabilidad y paz social tambi\u00e9n es ficticio, ya que han incrementado los cr\u00edmenes pol\u00edticos y las agresiones a defensores, defensoras y periodistas. Adem\u00e1s, se han registrado m\u00e1s de 23 cr\u00edmenes contra dirigentes pol\u00edticos y activistas ante los cuales las autoridades de procuraci\u00f3n de justicia han sido omisas.&nbsp;<\/p>\n\n\n\n<p>De igual forma el \u00e1mbito de seguridad, ya que la entidad se ha convertido en un lugar peligroso y mortal para las mujeres, as\u00ed lo corroboran los m\u00e1s de 480 feminicidios que reportan las organizaciones de la sociedad civil; siendo Valles Centrales, Istmo, Costa y Cuenca las regiones m\u00e1s violentas.<\/p>\n\n\n\n<p>\u201cEl feminicidio golpea a las mujeres m\u00e1s pobres y es equiparable a un crimen de Estado que el gobierno estatal no quiere reconocer\u201d.&nbsp;<\/p>\n\n\n\n<p>Por si lo anterior no fuera poco, Educa refiere la codependencia de los \u00f3rganos aut\u00f3nomos con el Ejecutivo, han dejado en el desamparo a la poblaci\u00f3n que busca justicia y no la encuentra. Prueba de ello el caso de la fotoperiodista Mar\u00eda del Sol Cruz Jarqu\u00edn, que ha dejado al descubierto la inoperatividad de la Fiscal\u00eda General y la protecci\u00f3n que da a ex funcionarios.<\/p>\n\n\n\n<p>Finalmente, para el grupo de activistas el manejo de la pandemia tambi\u00e9n refleja las deficiencias de la administraci\u00f3n ya que, si bien a Oaxaca no le ha ido tan mal como a otros estados, esto se debe al actuar de municipios ind\u00edgenas que aplicaron medidas m\u00e1s estrictas respecto al cuidado comunitario, y no al actuar de las autoridades que fueron denunciadas decenas de veces por la falta de material y equipo hospitalario.<\/p>\n\n\n\n<p>De ah\u00ed que insisten en que la cruda realidad dista mucho de las im\u00e1genes presentadas por el mandatario estatal en su reciente informe, sin embargo, reconocen que su imagen se ha visto favorecida con la p\u00e9sima actuaci\u00f3n del gobierno federal en la pandemia y pragmatismo pol\u00edtico de subirse a la ola de la Cuarta Transformaci\u00f3n, como aliado del presidente de la Rep\u00fablica, Andr\u00e9s Manuel L\u00f3pez Obrador.&nbsp; \u201cEl gobernador de Oaxaca se ha colocado fuera del golpeteo pol\u00edtico y ha puesto a Oaxaca a disposici\u00f3n de los proyectos estrella del primer mandatario: Proyecto Trans\u00edstmico, Caminos Rurales, Becas para el Bienestar, Sembrando Vida y, por si fuera poco, ha sido el principal beneficiario de la buena relaci\u00f3n entre el Magisterio oaxaque\u00f1o y el gobierno federal\u201d, remarc\u00f3.<\/p>\n","protected":false},"excerpt":{"rendered":"<p>Evlin Arag\u00f3n\/Zona Roja. Oaxaca de Ju\u00e1rez, Oax., 5 de diciembre de 2020.- Pese a los&hellip;<\/p>\n","protected":false},"author":2,"featured_media":20902,"comment_status":"closed","ping_status":"open","sticky":false,"template":"","format":"standard","meta":{"_lmt_disableupdate":"","_lmt_disable":"","_jetpack_memberships_contains_paid_content":false,"footnotes":""},"categories":[1],"tags":[2275],"class_list":["post-20901","post","type-post","status-publish","format-standard","has-post-thumbnail","hentry","category-sin-categoria","tag-servicios-para-una-educacion-alternativa-a-c-educa"],"jetpack_featured_media_url":"https:\/\/zonaroja.com.mx\/wp-content\/uploads\/2020\/12\/Virus-gobierno-Oaxaca.jpg","jetpack_sharing_enabled":true,"_links":{"self":[{"href":"https:\/\/zonaroja.com.mx\/index.php?rest_route=\/wp\/v2\/posts\/20901","targetHints":{"allow":["GET"]}}],"collection":[{"href":"https:\/\/zonaroja.com.mx\/index.php?rest_route=\/wp\/v2\/posts"}],"about":[{"href":"https:\/\/zonaroja.com.mx\/index.php?rest_route=\/wp\/v2\/types\/post"}],"author":[{"embeddable":true,"href":"https:\/\/zonaroja.com.mx\/index.php?rest_route=\/wp\/v2\/users\/2"}],"replies":[{"embeddable":true,"href":"https:\/\/zonaroja.com.mx\/index.php?rest_route=%2Fwp%2Fv2%2Fcomments&post=20901"}],"version-history":[{"count":1,"href":"https:\/\/zonaroja.com.mx\/index.php?rest_route=\/wp\/v2\/posts\/20901\/revisions"}],"predecessor-version":[{"id":20903,"href":"https:\/\/zonaroja.com.mx\/index.php?rest_route=\/wp\/v2\/posts\/20901\/revisions\/20903"}],"wp:featuredmedia":[{"embeddable":true,"href":"https:\/\/zonaroja.com.mx\/index.php?rest_route=\/wp\/v2\/media\/20902"}],"wp:attachment":[{"href":"https:\/\/zonaroja.com.mx\/index.php?rest_route=%2Fwp%2Fv2%2Fmedia&parent=20901"}],"wp:term":[{"taxonomy":"category","embeddable":true,"href":"https:\/\/zonaroja.com.mx\/index.php?rest_route=%2Fwp%2Fv2%2Fcategories&post=20901"},{"taxonomy":"post_tag","embeddable":true,"href":"https:\/\/zonaroja.com.mx\/index.php?rest_route=%2Fwp%2Fv2%2Ftags&post=20901"}],"curies":[{"name":"wp","href":"https:\/\/api.w.org\/{rel}","templated":true}]}}