{"id":20905,"date":"2020-12-05T13:46:10","date_gmt":"2020-12-05T19:46:10","guid":{"rendered":"https:\/\/www.zonaroja.com.mx\/?p=20905"},"modified":"2020-12-05T13:46:13","modified_gmt":"2020-12-05T19:46:13","slug":"feministas-acusan-a-autoridades-estatales-de-encubrir-agresores-de-mujeres","status":"publish","type":"post","link":"https:\/\/zonaroja.com.mx\/?p=20905","title":{"rendered":"Feministas acusan a autoridades estatales de encubrir agresores de mujeres"},"content":{"rendered":"\n<p class=\"MsoNormal\">Evlin Arag\u00f3n\/Zona Roja. <\/p>\n\n\n\n<p class=\"MsoNormal\">Oaxaca de Ju\u00e1rez, Oax., 5 de diciembre de 2020.- Ante la incesante violencia de g\u00e9nero y feminicida que se registra en la entidad, el colectivo Feminista Oaxaca acus\u00f3 a las autoridades de la Fiscal\u00eda General de Estado y las secretar\u00edas de la Mujer Oaxaque\u00f1a y de Seguridad P\u00fablica, as\u00ed como al edil capitalino Oswaldo Garc\u00eda Jarqu\u00edn y la regidora Mirna L\u00f3pez Torres, de encubrir violentadores. <\/p>\n\n\n\n<p class=\"MsoNormal\">As\u00ed lo expusieron en un comunicado que emitieron en sus plataformas virtuales, en donde denuncian que la titular de la Secretar\u00eda de la Mujer Oaxaque\u00f1a, Ana Isabel V\u00e1zquez Colmenares Guzm\u00e1n, encubre y protege a acosadores y personas violentas c\u00f3mo Rub\u00e9n P\u00e9rez, Manuel Hern\u00e1ndez Santiago y recientemente a Marco Antonio Loyola, todos ellos talleristas de la dependencia de gobierno. <\/p>\n\n\n\n<p class=\"MsoNormal\">De acuerdo con las denunciantes, la SMO no es la \u00fanica que brinda protecci\u00f3n a quienes ejercen violencia de g\u00e9nero o feminicida, ya que la Fiscal\u00eda General del Estado de Oaxaca, a cargo de Rub\u00e9n Vasconcelos M\u00e9ndez, ha permitido que su personal filtre y venda informaci\u00f3n de las denuncias y procesos a los agresores, convirti\u00e9ndose en c\u00f3mplices. <\/p>\n\n\n\n<p class=\"MsoNormal\">\u201cUn Fiscal que ha maquillado las cifras de feminicidios y de ni\u00f1as y mujeres desaparecidas, un fiscal que jam\u00e1s ha recibido a las madres con hijas v\u00edctimas de feminicidio que han pedido infinidad de veces reuni\u00f3n con \u00e9l para saber c\u00f3mo van los procesos de investigaci\u00f3n\u201d, refiere la publicaci\u00f3n.  <\/p>\n\n\n\n<p class=\"MsoNormal\">As\u00ed mismo, evidenciaron que la fiscal especializada en Delitos Electorales, Aracely Pinelo L\u00f3pez, se ha convertido en c\u00f3mplice de los hermanos Montero L\u00f3pez en los feminicidios de Mar\u00eda de Sol Cruz Jarqu\u00edn y de Pamela Ter\u00e1n Pineda, que recientemente cumplieron 30 meses de haberse registrado, sin que existan sanciones. <\/p>\n\n\n\n<p class=\"MsoNormal\">Mientras que advirtieron que el titular de la Secretar\u00eda de Seguridad P\u00fablica, Ra\u00fal Ernesto Salcedo Rosales, protege y mantienen entre su personal a Emmanuel Guti\u00e9rrez Javier, acusado de agresor sexual y acosador poniendo en riesgo a todas las mujeres que trabajan en la dependencia, ya que ante la denuncia \u00fanicamente fue cambiado de \u00e1rea.&nbsp;&nbsp;<\/p>\n\n\n\n<p class=\"MsoNormal\">En el caso de las autoridades municipales, denunciaron a la regidora de Derechos Humanos y de Igualdad de G\u00e9nero del ayuntamiento de Oaxaca de Ju\u00e1rez, Mirna L\u00f3pez Torres, no s\u00f3lo de solapar a Osmar Alejandro Gir\u00f3n Rodr\u00edguez, sino de violentar los derechos de las mujeres al patrocinar con recursos p\u00fablicos a grupos religiosos y de extrema derecha. <\/p>\n\n\n\n<p class=\"MsoNormal\">\u201cEs la principal impulsora en contra de los derechos de las mujeres a decidir y en contra del aborto y quien adem\u00e1s protegi\u00f3 en sesi\u00f3n de Cabildo a los agresores de mujeres y ni\u00f1as en el tianguis autogestivo y disidente\u201d, indican.  <\/p>\n\n\n\n<p class=\"MsoNormal\">Finalmente, culparon a Oswaldo Garc\u00eda Jarqu\u00edn, edil de Oaxaca de Ju\u00e1rez, de la agresi\u00f3n contra ni\u00f1as y mujeres que participaban en el Tianguis Autogestivo, as\u00ed como de ejercer violencia en contra de mujeres que trabajan en el municipio, adem\u00e1s de nombrarse \u00abProvida\u00bb. <\/p>\n\n\n\n<p class=\"MsoNormal\">\u201cCon esto queremos decir que nosotras seguiremos denunciando a los agresores con nombre y rostro, seguiremos se\u00f1alando a las autoridades omisas y c\u00f3mplices\u201d, se\u00f1alan en su comunicado.  <\/p>\n","protected":false},"excerpt":{"rendered":"<p>Evlin Arag\u00f3n\/Zona Roja. Oaxaca de Ju\u00e1rez, Oax., 5 de diciembre de 2020.- Ante la incesante&hellip;<\/p>\n","protected":false},"author":2,"featured_media":20904,"comment_status":"closed","ping_status":"open","sticky":false,"template":"","format":"standard","meta":{"_lmt_disableupdate":"","_lmt_disable":"","_jetpack_memberships_contains_paid_content":false,"footnotes":""},"categories":[109,47],"tags":[1910],"class_list":["post-20905","post","type-post","status-publish","format-standard","has-post-thumbnail","hentry","category-minuto-a-minuto","category-zona-gris","tag-feministas-de-oaxaca"],"jetpack_featured_media_url":"https:\/\/zonaroja.com.mx\/wp-content\/uploads\/2020\/12\/img_0973.jpg","jetpack_sharing_enabled":true,"_links":{"self":[{"href":"https:\/\/zonaroja.com.mx\/index.php?rest_route=\/wp\/v2\/posts\/20905","targetHints":{"allow":["GET"]}}],"collection":[{"href":"https:\/\/zonaroja.com.mx\/index.php?rest_route=\/wp\/v2\/posts"}],"about":[{"href":"https:\/\/zonaroja.com.mx\/index.php?rest_route=\/wp\/v2\/types\/post"}],"author":[{"embeddable":true,"href":"https:\/\/zonaroja.com.mx\/index.php?rest_route=\/wp\/v2\/users\/2"}],"replies":[{"embeddable":true,"href":"https:\/\/zonaroja.com.mx\/index.php?rest_route=%2Fwp%2Fv2%2Fcomments&post=20905"}],"version-history":[{"count":1,"href":"https:\/\/zonaroja.com.mx\/index.php?rest_route=\/wp\/v2\/posts\/20905\/revisions"}],"predecessor-version":[{"id":20906,"href":"https:\/\/zonaroja.com.mx\/index.php?rest_route=\/wp\/v2\/posts\/20905\/revisions\/20906"}],"wp:featuredmedia":[{"embeddable":true,"href":"https:\/\/zonaroja.com.mx\/index.php?rest_route=\/wp\/v2\/media\/20904"}],"wp:attachment":[{"href":"https:\/\/zonaroja.com.mx\/index.php?rest_route=%2Fwp%2Fv2%2Fmedia&parent=20905"}],"wp:term":[{"taxonomy":"category","embeddable":true,"href":"https:\/\/zonaroja.com.mx\/index.php?rest_route=%2Fwp%2Fv2%2Fcategories&post=20905"},{"taxonomy":"post_tag","embeddable":true,"href":"https:\/\/zonaroja.com.mx\/index.php?rest_route=%2Fwp%2Fv2%2Ftags&post=20905"}],"curies":[{"name":"wp","href":"https:\/\/api.w.org\/{rel}","templated":true}]}}