{"id":2091,"date":"2019-07-07T19:02:35","date_gmt":"2019-07-08T00:02:35","guid":{"rendered":"http:\/\/www.zonaroja.com.mx\/?p=2091"},"modified":"2019-07-07T21:08:54","modified_gmt":"2019-07-08T02:08:54","slug":"incesante-violencia-13-asesinados-en-primera-semana-de-julio","status":"publish","type":"post","link":"https:\/\/zonaroja.com.mx\/?p=2091","title":{"rendered":"Incesante violencia: 13 asesinados en primera semana de julio"},"content":{"rendered":"\n<p>Ismael\nGarc\u00eda M.<\/p>\n\n\n\n<p>Oaxaca de\nJu\u00e1rez, Oax., 7 de julio de 2019.- En la primera semana de julio, fueron\nasesinadas 13 personas, en su mayor\u00eda a balazos, en las regiones Valles\nCentrales, Costa, Istmo de Tehuantepec y Cuenca del Papaloapan.<\/p>\n\n\n\n<p>Los hechos se\ncontabilizan a partir del domingo 30 de junio, en que fueron ejecutadas dos\npersonas, entre ellas una mujer, en el municipio de Uni\u00f3n Hidalgo, en la regi\u00f3n\nistme\u00f1a.<\/p>\n\n\n\n<p>El primer\nd\u00eda del mes no se registraron homicidios pero s\u00ed la fuga sospechosa de un\nintegrante de la delincuencia organizada en el Hospital General de San Juan\nBautista Tuxtepec, quien era custodiado por elementos de la Polic\u00eda Estatal.<\/p>\n\n\n\n<p>Asimismo,\nocurri\u00f3 un asalto bancario con saldo de un herido de bala, tras salir de la\nsucursal de Banorte en Plaza Oaxaca, centro comercial de la capital del estado.<\/p>\n\n\n\n<p>El martes 3,\notro asalto violento a cuentahabiente, en esta ocasi\u00f3n en la calzada Porfirio\nD\u00edaz de la ciudad de Oaxaca, al salir de una sucursal de Banorte. Asimismo, un individuo\nultimado a balazos en Paso Guayabo, Mat\u00edas Romero.<\/p>\n\n\n\n<p>El mi\u00e9rcoles\nen la tarde sucedi\u00f3 el asesinato de una persona del sexo masculino, perpetrado\npor arma blanca, en San Juan Bautista Tuxtepec.<\/p>\n\n\n\n<p>Mientras que\nel jueves fueron localizados en San Pedro Totol\u00e1pam, los restos de un sujeto\nque hab\u00eda sido secuestrado y que despu\u00e9s fue torturado y asesinado. El mismo\nd\u00eda pero en Santa Mar\u00eda Mixtequilla, fueron baleadas dos personas.<\/p>\n\n\n\n<p>Para el d\u00eda\nviernes falleci\u00f3 uno de los lesionados en Mixtequilla, mientras que en la\nregi\u00f3n de la Costa se reportaron tres asesinatos, en San Pedro Mixtepec, R\u00edo\nGrande, agencia de Villa de Tututepec, y El Ciruelo, Pinotepa Nacional.<\/p>\n\n\n\n<p>El s\u00e1bado fueron otros cuatro muertos, uno de ellos ejecutado en el centro comercial Plaza Oaxaca de la capital del estado, un adolescente en la ciudad de Tuxtepec, un individuo en Juchit\u00e1n de Zaragoza y el tesorero del Comisariado de Bienes Comunales de Santa Mar\u00eda Chimalapas, cuyo cuerpo se hall\u00f3 en la carretera Mat\u00edas Romero-El Barrio de la Soledad. <\/p>\n\n\n\n<p>El mismo d\u00eda ocurrieron hechos violentos entre la Secci\u00f3n 22 y las Redes Sociales Progresistas, durante un acto efectuado en un sal\u00f3n social de Santa Luc\u00eda del Camino.<\/p>\n\n\n\n<figure class=\"wp-block-embed-twitter wp-block-embed is-type-rich is-provider-twitter\"><div class=\"wp-block-embed__wrapper\">\n<div class=\"twitter-tweet\"><blockquote class=\"twitter-tweet\" data-lang=\"es\"><p lang=\"es\" dir=\"ltr\"><a href=\"https:\/\/twitter.com\/hashtag\/OaxacaRojo?src=hash&amp;ref_src=twsrc%5Etfw\">#OaxacaRojo<\/a><br>As\u00ed qued\u00f3 el cuerpo de quien fue identificado como Roberto Cabrera Montes, dirigente sindical de un gremio de transportistas, quien fue ejecutado hoy en Plaza Oaxaca, al sur de la capital, con arma de grueso calibre. <a href=\"https:\/\/twitter.com\/SSPCMexico?ref_src=twsrc%5Etfw\">@SSPCMexico<\/a> <a href=\"https:\/\/twitter.com\/KarinaBaronO?ref_src=twsrc%5Etfw\">@KarinaBaronO<\/a> <a href=\"https:\/\/t.co\/NKUmPGNlK2\">pic.twitter.com\/NKUmPGNlK2<\/a><\/p>&mdash; Zona Roja Oaxaca (@MexRoja) <a href=\"https:\/\/twitter.com\/MexRoja\/status\/1147583909347115008?ref_src=twsrc%5Etfw\">6 de julio de 2019<\/a><\/blockquote><\/div>\n<\/div><\/figure>\n","protected":false},"excerpt":{"rendered":"<p>Ismael Garc\u00eda M. Oaxaca de Ju\u00e1rez, Oax., 7 de julio de 2019.- En la primera&hellip;<\/p>\n","protected":false},"author":2,"featured_media":1795,"comment_status":"closed","ping_status":"open","sticky":false,"template":"","format":"standard","meta":{"_lmt_disableupdate":"","_lmt_disable":"","_jetpack_memberships_contains_paid_content":false,"footnotes":""},"categories":[109,51],"tags":[132],"class_list":["post-2091","post","type-post","status-publish","format-standard","has-post-thumbnail","hentry","category-minuto-a-minuto","category-zona-roja","tag-asesinatos"],"jetpack_featured_media_url":"https:\/\/zonaroja.com.mx\/wp-content\/uploads\/2019\/06\/IMG_2489.jpg","jetpack_sharing_enabled":true,"_links":{"self":[{"href":"https:\/\/zonaroja.com.mx\/index.php?rest_route=\/wp\/v2\/posts\/2091","targetHints":{"allow":["GET"]}}],"collection":[{"href":"https:\/\/zonaroja.com.mx\/index.php?rest_route=\/wp\/v2\/posts"}],"about":[{"href":"https:\/\/zonaroja.com.mx\/index.php?rest_route=\/wp\/v2\/types\/post"}],"author":[{"embeddable":true,"href":"https:\/\/zonaroja.com.mx\/index.php?rest_route=\/wp\/v2\/users\/2"}],"replies":[{"embeddable":true,"href":"https:\/\/zonaroja.com.mx\/index.php?rest_route=%2Fwp%2Fv2%2Fcomments&post=2091"}],"version-history":[{"count":1,"href":"https:\/\/zonaroja.com.mx\/index.php?rest_route=\/wp\/v2\/posts\/2091\/revisions"}],"predecessor-version":[{"id":2092,"href":"https:\/\/zonaroja.com.mx\/index.php?rest_route=\/wp\/v2\/posts\/2091\/revisions\/2092"}],"wp:featuredmedia":[{"embeddable":true,"href":"https:\/\/zonaroja.com.mx\/index.php?rest_route=\/wp\/v2\/media\/1795"}],"wp:attachment":[{"href":"https:\/\/zonaroja.com.mx\/index.php?rest_route=%2Fwp%2Fv2%2Fmedia&parent=2091"}],"wp:term":[{"taxonomy":"category","embeddable":true,"href":"https:\/\/zonaroja.com.mx\/index.php?rest_route=%2Fwp%2Fv2%2Fcategories&post=2091"},{"taxonomy":"post_tag","embeddable":true,"href":"https:\/\/zonaroja.com.mx\/index.php?rest_route=%2Fwp%2Fv2%2Ftags&post=2091"}],"curies":[{"name":"wp","href":"https:\/\/api.w.org\/{rel}","templated":true}]}}