{"id":20910,"date":"2020-12-05T16:22:31","date_gmt":"2020-12-05T22:22:31","guid":{"rendered":"http:\/\/www.zonaroja.com.mx\/?p=20910"},"modified":"2020-12-05T16:24:19","modified_gmt":"2020-12-05T22:24:19","slug":"acusan-familiares-que-fiscal-violo-presuncion-de-inocencia-de-aei-detenidos","status":"publish","type":"post","link":"https:\/\/zonaroja.com.mx\/?p=20910","title":{"rendered":"Acusan familiares que Fiscal\u00eda viol\u00f3 presunci\u00f3n de inocencia de AEI detenidos"},"content":{"rendered":"\n<p>Redacci\u00f3n\/Zona Roja.<\/p>\n\n\n\n<p>Oaxaca de Ju\u00e1rez, Oax., 5 de diciembre de 2020.- Familiares de dos elementos de la Agencia Estatal de Investigaciones (AEI) acusados del delito de extorsi\u00f3n, denunciaron que la Fiscal\u00eda General del Estado de Oaxaca viol\u00f3 la presunci\u00f3n de inocencia de ambos, al boletinar el caso a trav\u00e9s de un comunicado de prensa.<\/p>\n\n\n\n<p>Adem\u00e1s, rechazaron que hayan sido detenidos, sino que acudieron voluntariamente a la audiencia previa cita, en el Juzgado de Control con sede en Ejutla de Crespo, donde adem\u00e1s, las autoridades de procuraci\u00f3n y administraci\u00f3n de justicia, violaron un amparo federal que ten\u00edan a su favor los dos agentes.<\/p>\n\n\n\n<p>\u201cEn estricto cumplimiento a la pol\u00edtica de cero tolerancia contra la corrupci\u00f3n e impunidad, la Fiscal\u00eda General del Estado de Oaxaca (FGEO) informa que otros dos agentes estatales de investigaci\u00f3n fueron presentados ante el Juez y se encuentran en prisi\u00f3n preventiva provisional por probables actos de extorsi\u00f3n, cometidos en julio de este a\u00f1o, en el Distrito de Ocotl\u00e1n\u201d.<\/p>\n\n\n\n<p>\u201cCon estas acciones, la Instituci\u00f3n de procuraci\u00f3n de justicia reitera su firme compromiso de combatir la corrupci\u00f3n y la impunidad, sobre todo cuando se trata de servidores p\u00fablicos, haciendo justicia a quienes son vulnerados en sus derechos\u201d, difundi\u00f3 la Fiscal\u00eda el 2 de diciembre pasado.<\/p>\n\n\n\n<p>Ello irrit\u00f3 a los familiares, pues la instituci\u00f3n que encabeza Rub\u00e9n Vasconcelos M\u00e9ndez ya est\u00e1 dando por hecho que los imputados son corruptos, sin haber un juicio ni sentencia de por medio.<\/p>\n\n\n\n<p>En la fecha se\u00f1alada, los agentes Estatales de Investigaci\u00f3n E.M.C y J.L.G.F, se presentaron voluntariamente al Juzgado de Control con sede en Ejutla de Crespo, Oaxaca, para la comunicaci\u00f3n de la imputaci\u00f3n del delito de extorsi\u00f3n agravada.<\/p>\n\n\n\n<p>Ello con la finalidad de darle cumplimiento a lo ordenado por el Juez Federal del Juzgado X de Distrito en el Estado, en donde se concedi\u00f3 la suspensi\u00f3n definitiva a favor de los imputados, por tratarse de un delito que no amerita prisi\u00f3n preventiva oficiosa.<\/p>\n\n\n\n<p>Tambi\u00e9n se advert\u00eda que la libertad personal de los imputados queda bajo la tutela del Juez Federal, pero no sucedi\u00f3 as\u00ed, ya que despu\u00e9s de la comunicaci\u00f3n de la imputaci\u00f3n la Juez de Control con sede en Ejutla, decret\u00f3 e impuso la medida cautelar de Prisi\u00f3n Preventiva Justificada en contra de los imputados, ordenando fueran internados en los separos de Ciudad Judicial, violando la suspensi\u00f3n definitiva dictada por un juez federal dentro de un Juicio de Amparo, remarcaron.<\/p>\n\n\n\n<p>Entre las irregularidades que se\u00f1alan los familiares, se encuentra un documento que la Juez de Control con sede en Ejutla, envi\u00f3 a la Subsecretar\u00eda de Reinserci\u00f3n Social, con fecha 02 de diciembre de 2020 y recibido por dicha dependencia a las 14:00 horas.<\/p>\n\n\n\n<p>Ah\u00ed se solicita que sean recibidos e internados los imputados ya citados, esto antes de resolver acerca de la audiencia de comunicaci\u00f3n de la imputaci\u00f3n, \u201clo que quiere decir que a pesar de lo que dijera y argumentar\u00e1 la defensa de manera legal y con apego a derecho a favor de los imputados, esto no ser\u00eda tomado en cuenta, ya que era un hecho consumado que la juez los iba a enviar a un centro de reclusi\u00f3n\u201d, acusaron.<\/p>\n\n\n\n<p>\u201cSi esta es la forma en la que el fiscal General Rub\u00e9n Vasconcelos, aplica la ley para los integrantes de su propia instituci\u00f3n, que puede esperar la sociedad en general\u201d, remarcaron los familiares.<\/p>\n","protected":false},"excerpt":{"rendered":"<p>Redacci\u00f3n\/Zona Roja. Oaxaca de Ju\u00e1rez, Oax., 5 de diciembre de 2020.- Familiares de dos elementos&hellip;<\/p>\n","protected":false},"author":2,"featured_media":20911,"comment_status":"closed","ping_status":"open","sticky":false,"template":"","format":"standard","meta":{"_lmt_disableupdate":"","_lmt_disable":"","_jetpack_memberships_contains_paid_content":false,"footnotes":""},"categories":[109,47],"tags":[494],"class_list":["post-20910","post","type-post","status-publish","format-standard","has-post-thumbnail","hentry","category-minuto-a-minuto","category-zona-gris","tag-fiscalia-general-del-estado-de-oaxaca"],"jetpack_featured_media_url":"https:\/\/zonaroja.com.mx\/wp-content\/uploads\/2020\/12\/AEI-detenidos.png","jetpack_sharing_enabled":true,"_links":{"self":[{"href":"https:\/\/zonaroja.com.mx\/index.php?rest_route=\/wp\/v2\/posts\/20910","targetHints":{"allow":["GET"]}}],"collection":[{"href":"https:\/\/zonaroja.com.mx\/index.php?rest_route=\/wp\/v2\/posts"}],"about":[{"href":"https:\/\/zonaroja.com.mx\/index.php?rest_route=\/wp\/v2\/types\/post"}],"author":[{"embeddable":true,"href":"https:\/\/zonaroja.com.mx\/index.php?rest_route=\/wp\/v2\/users\/2"}],"replies":[{"embeddable":true,"href":"https:\/\/zonaroja.com.mx\/index.php?rest_route=%2Fwp%2Fv2%2Fcomments&post=20910"}],"version-history":[{"count":2,"href":"https:\/\/zonaroja.com.mx\/index.php?rest_route=\/wp\/v2\/posts\/20910\/revisions"}],"predecessor-version":[{"id":20913,"href":"https:\/\/zonaroja.com.mx\/index.php?rest_route=\/wp\/v2\/posts\/20910\/revisions\/20913"}],"wp:featuredmedia":[{"embeddable":true,"href":"https:\/\/zonaroja.com.mx\/index.php?rest_route=\/wp\/v2\/media\/20911"}],"wp:attachment":[{"href":"https:\/\/zonaroja.com.mx\/index.php?rest_route=%2Fwp%2Fv2%2Fmedia&parent=20910"}],"wp:term":[{"taxonomy":"category","embeddable":true,"href":"https:\/\/zonaroja.com.mx\/index.php?rest_route=%2Fwp%2Fv2%2Fcategories&post=20910"},{"taxonomy":"post_tag","embeddable":true,"href":"https:\/\/zonaroja.com.mx\/index.php?rest_route=%2Fwp%2Fv2%2Ftags&post=20910"}],"curies":[{"name":"wp","href":"https:\/\/api.w.org\/{rel}","templated":true}]}}