{"id":20917,"date":"2020-12-05T20:26:36","date_gmt":"2020-12-06T02:26:36","guid":{"rendered":"http:\/\/www.zonaroja.com.mx\/?p=20917"},"modified":"2020-12-05T20:26:39","modified_gmt":"2020-12-06T02:26:39","slug":"habitantes-de-ayutla-desmienten-a-gobierno-reconexion-de-agua","status":"publish","type":"post","link":"https:\/\/zonaroja.com.mx\/?p=20917","title":{"rendered":"Habitantes de Ayutla desmienten a gobierno reconexi\u00f3n de agua"},"content":{"rendered":"\n<p>Yuridiana Sosa<\/p>\n\n\n\n<p>Oaxaca de Ju\u00e1rez, Oax., 5 de diciembre de 2020.- En San Pedro y San Pablo Ayutla la poblaci\u00f3n contin\u00faa sin agua potable en sus casas.<\/p>\n\n\n\n<p>De las llaves no cae gota de agua y los pobladores mantienen la exigencia para que se cumpla con la sentencia federal a fin de que el gobierno de Oaxaca, que ordena dotar del vital l\u00edquido.<\/p>\n\n\n\n<p>As\u00ed lo dieron a conocer a trav\u00e9s de las redes sociales tras el anuncio del gobernador Alejandro Murat Hinojosa sobre el banderazo de inicio a suministro permanente de agua en ese municipio Mixe &#8211;este 4 de diciembre&#8211; y con lo que asegura \u201cse da soluci\u00f3n al problema de acceso al agua que por a\u00f1os ha padecido esta comunidad.<\/p>\n\n\n\n<p>La activista e investigadora Yasnaya Elena Aguilar Gil, quien ha mantenido una intensa lucha con su comunidad de origen para el abasto del agua, public\u00f3 tras el acto oficial:<\/p>\n\n\n\n<p>\u201cEs impresionante la simulaci\u00f3n de Alejandro Murat, pero \u00bfqu\u00e9 se puede esperar de una familia que simul\u00f3 un atentado, se acuerdan del autoatentado de Jos\u00e9 Murat?\u201d.<\/p>\n\n\n\n<p>\u201cNo se confundan, en los hogares de Ayutla no hay agua\u201d, \u201cQu\u00e9 coraje que Murat enga\u00f1a y enga\u00f1a y enga\u00f1a\u201d, reafirm\u00f3 la defensora en otros mensajes en su cuenta de Twitter.<\/p>\n\n\n\n<p>Las publicaciones de Aguilar Gil generaron un ataque por parte del H\u00e9ctor Pablo Ram\u00edrez Puga Leyva, director de la Comisi\u00f3n Estatal del Agua (CEA), presente en la supuesta reconexi\u00f3n, ayer viernes.<\/p>\n\n\n\n<p>El director del CEA respondi\u00f3 a la activista: \u201cLa invito cuando usted guste a su pueblo para que vea la capacidad de aforo del nuevo pozo y sea testigo de los trabajos de rehabilitaci\u00f3n de la red de agua. Deje Ud de lucrar pol\u00edticamente y trabaje con su comunidad y con su gobierno para solucionar el problema\u201d.<\/p>\n\n\n\n<p>Yasnaya Aguilar sostuvo que la sentencia no la han cumplido. En agosto, la activista ling\u00fcista dio a conocer que el Juzgado Tercero del Distrito de Oaxaca concedi\u00f3 el amparo y protecci\u00f3n de la justicia Federal para que el gobernador de Oaxaca, el secretario General de Gobierno, el director de la Comisi\u00f3n Estatal del Agua y el director general del Organismo Cuenca Pac\u00edfico Sur en la Comisi\u00f3n Nacional del Agua en Oaxaca, realicen el procedimiento necesario para la reconexi\u00f3n de agua para Ayutla.<\/p>\n\n\n\n<p>En ese escrito se orden\u00f3 que agoten todos los medios que tienen a su alcance para que se realice su dicho acto, misma que deber\u00e1 cumplir el volumen de metros c\u00fabicos de explotaci\u00f3n en los t\u00e9rminos autorizados en la concesi\u00f3n 10OAX129282\/28HOGR99, expedida San Pedro y San Pablo Ayutla el 24 de diciembre de 1999.<\/p>\n\n\n\n<figure class=\"wp-block-embed-twitter wp-block-embed is-type-rich is-provider-twitter\"><div class=\"wp-block-embed__wrapper\">\n<div class=\"twitter-tweet\"><blockquote class=\"twitter-tweet\" data-lang=\"es\"><p lang=\"es\" dir=\"ltr\">Pobladores y activistas como <a href=\"https:\/\/twitter.com\/YasnayaEG?ref_src=twsrc%5Etfw\">@YasnayaEG<\/a> y <a href=\"https:\/\/twitter.com\/quinomixe?ref_src=twsrc%5Etfw\">@quinomixe<\/a> denunciaron el montaje del gobernador <a href=\"https:\/\/twitter.com\/alejandromurat?ref_src=twsrc%5Etfw\">@alejandromurat<\/a> y el titular de la <a href=\"https:\/\/twitter.com\/CEA_GobOax?ref_src=twsrc%5Etfw\">@CEA_GobOax<\/a>, <a href=\"https:\/\/twitter.com\/hectorpablo_?ref_src=twsrc%5Etfw\">@hectorpablo_<\/a>, en San Pedro y San Pablo Ayutla, al asegurar que ya hay agua potable. <a href=\"https:\/\/t.co\/VS1GYraqdg\">pic.twitter.com\/VS1GYraqdg<\/a><\/p>&mdash; Zona Roja Oaxaca (@MexRoja) <a href=\"https:\/\/twitter.com\/MexRoja\/status\/1335377029508829185?ref_src=twsrc%5Etfw\">6 de diciembre de 2020<\/a><\/blockquote><\/div>\n<\/div><\/figure>\n\n\n\n<p>DEFENSA Y EVIDENCIA<\/p>\n\n\n\n<p>Habitantes de Ayutla Mixe mostraron el respaldo a Yasnaya Aguilar y sentenciaron que el mensaje del funcionario estatal es un acto de violencia institucional contra Yasnaya y exigieron que se inicie un proceso inmediato contra el funcionario y lo responsabilizaron de cualquier agresi\u00f3n.<\/p>\n\n\n\n<p>As\u00ed tambi\u00e9n, demandaron a los funcionarios a que visiten casa por casa de la poblaci\u00f3n para que verifiquen llave por llave que no hay agua y su anunci\u00f3 es una simulaci\u00f3n que llam\u00f3 \u201cd\u00eda hist\u00f3rico\u201d.<\/p>\n\n\n\n<p>A trav\u00e9s de un video publicado en Twitter, un ciudadano habitante de Ayutla identificado como Joaqu\u00edn Galv\u00e1n, mostr\u00f3 que no hay agua a en la red y deben seguir con el acarreo de agua en botes o cubetas, para bastecerse del l\u00edquido desde los chorros del sistema de agua pluvial.<\/p>\n\n\n\n<p>\u201cD\u00e9jate de mentiras, estamos hasta la madre de tus mentiras. \u00a1Ya estuvo, reconecta el manantial de agua ya!\u201d, reclam\u00f3 el poblador.<\/p>\n\n\n\n<p>Este viernes el mandatario estatal inform\u00f3 que entreg\u00f3 las obras de rehabilitaci\u00f3n del sistema de agua potable con una inversi\u00f3n de m\u00e1s de 4.7 millones de pesos.<\/p>\n","protected":false},"excerpt":{"rendered":"<p>Yuridiana Sosa Oaxaca de Ju\u00e1rez, Oax., 5 de diciembre de 2020.- En San Pedro y&hellip;<\/p>\n","protected":false},"author":2,"featured_media":20918,"comment_status":"closed","ping_status":"open","sticky":false,"template":"","format":"standard","meta":{"_lmt_disableupdate":"","_lmt_disable":"","_jetpack_memberships_contains_paid_content":false,"footnotes":""},"categories":[109,47],"tags":[501],"class_list":["post-20917","post","type-post","status-publish","format-standard","has-post-thumbnail","hentry","category-minuto-a-minuto","category-zona-gris","tag-san-pedro-y-san-pablo-ayutla-mixe"],"jetpack_featured_media_url":"https:\/\/zonaroja.com.mx\/wp-content\/uploads\/2020\/12\/Pozo-agua-Ayutla.jpg","jetpack_sharing_enabled":true,"_links":{"self":[{"href":"https:\/\/zonaroja.com.mx\/index.php?rest_route=\/wp\/v2\/posts\/20917","targetHints":{"allow":["GET"]}}],"collection":[{"href":"https:\/\/zonaroja.com.mx\/index.php?rest_route=\/wp\/v2\/posts"}],"about":[{"href":"https:\/\/zonaroja.com.mx\/index.php?rest_route=\/wp\/v2\/types\/post"}],"author":[{"embeddable":true,"href":"https:\/\/zonaroja.com.mx\/index.php?rest_route=\/wp\/v2\/users\/2"}],"replies":[{"embeddable":true,"href":"https:\/\/zonaroja.com.mx\/index.php?rest_route=%2Fwp%2Fv2%2Fcomments&post=20917"}],"version-history":[{"count":1,"href":"https:\/\/zonaroja.com.mx\/index.php?rest_route=\/wp\/v2\/posts\/20917\/revisions"}],"predecessor-version":[{"id":20919,"href":"https:\/\/zonaroja.com.mx\/index.php?rest_route=\/wp\/v2\/posts\/20917\/revisions\/20919"}],"wp:featuredmedia":[{"embeddable":true,"href":"https:\/\/zonaroja.com.mx\/index.php?rest_route=\/wp\/v2\/media\/20918"}],"wp:attachment":[{"href":"https:\/\/zonaroja.com.mx\/index.php?rest_route=%2Fwp%2Fv2%2Fmedia&parent=20917"}],"wp:term":[{"taxonomy":"category","embeddable":true,"href":"https:\/\/zonaroja.com.mx\/index.php?rest_route=%2Fwp%2Fv2%2Fcategories&post=20917"},{"taxonomy":"post_tag","embeddable":true,"href":"https:\/\/zonaroja.com.mx\/index.php?rest_route=%2Fwp%2Fv2%2Ftags&post=20917"}],"curies":[{"name":"wp","href":"https:\/\/api.w.org\/{rel}","templated":true}]}}