{"id":20920,"date":"2020-12-05T21:05:42","date_gmt":"2020-12-06T03:05:42","guid":{"rendered":"http:\/\/www.zonaroja.com.mx\/?p=20920"},"modified":"2020-12-05T21:20:55","modified_gmt":"2020-12-06T03:20:55","slug":"muralismo-renace-en-oaxaca-con-shinzaburo-takeda-desde-ixhuatan","status":"publish","type":"post","link":"https:\/\/zonaroja.com.mx\/?p=20920","title":{"rendered":"Muralismo renace en Oaxaca con Shinzaburo Takeda, desde Ixhuat\u00e1n"},"content":{"rendered":"\n<p>Yuridiana Sosa\/Zona Roja. Foto: Roc\u00edo Flores<\/p>\n\n\n\n<p>Oaxaca de Ju\u00e1rez, Oax., 5 de diciembre de 2020.- La feria del libro \u201cOto\u00f1o de la Palabra\u201d en San Francisco Ixhuat\u00e1n, edici\u00f3n 2020, fue el pretexto ideal para la creaci\u00f3n de un mural de manos del artista Shinzaburo Takeda, con el cual, se abre un nuevo camino al arte muralista en Oaxaca.<\/p>\n\n\n\n<p>As\u00ed fue reconocida durante la presentaci\u00f3n de la obra de arte \u201cR\u00edo Ostuta\u201d, con la que se deja una huella en la comunidad istme\u00f1a de la cultura zapoteca de Ixhuat\u00e1n y del arte muralista que desde hace 60 a\u00f1os se dej\u00f3 de crear.<\/p>\n\n\n\n<p>Durante la presentaci\u00f3n del mural, recordaron que el maestro de origen japon\u00e9s, Shinzaburo Takeda, es ex alumno de David Alfaro Siqueiros, de los m\u00e1s importantes exponentes del muralismo mexicano; lleg\u00f3 a M\u00e9xico para aprender de este arte y se qued\u00f3, pero de forma especial ech\u00f3 ra\u00edces en Oaxaca.<\/p>\n\n\n\n<figure class=\"wp-block-embed-twitter wp-block-embed is-type-rich is-provider-twitter\"><div class=\"wp-block-embed__wrapper\">\n<div class=\"twitter-tweet\"><blockquote class=\"twitter-tweet\" data-lang=\"es\"><p lang=\"es\" dir=\"ltr\">\ud83d\udc4f\ud83d\udc4f\ud83d\udc4f\ud83d\udc4f\ud83d\udc4f<br>En San Francisco <a href=\"https:\/\/twitter.com\/hashtag\/Ixhuat%C3%A1n?src=hash&amp;ref_src=twsrc%5Etfw\">#Ixhuat\u00e1n<\/a>, <a href=\"https:\/\/twitter.com\/hashtag\/Oaxaca?src=hash&amp;ref_src=twsrc%5Etfw\">#Oaxaca<\/a>, se celebra este fin de semana un festival literario, en cuyo marco se inaugur\u00f3 anoche un mural del maestro Shinzaburo Takeda, denominado \u201cR\u00edo Ostuta\u201d.<br>Video: Facebook <a href=\"https:\/\/twitter.com\/Gunaa_huini?ref_src=twsrc%5Etfw\">@Gunaa_huini<\/a> <a href=\"https:\/\/t.co\/HAdDEo1aLv\">pic.twitter.com\/HAdDEo1aLv<\/a><\/p>&mdash; Zona Roja Oaxaca (@MexRoja) <a href=\"https:\/\/twitter.com\/MexRoja\/status\/1335414234897739779?ref_src=twsrc%5Etfw\">6 de diciembre de 2020<\/a><\/blockquote><\/div>\n<\/div><\/figure>\n\n\n\n<p>Por eso, se destac\u00f3 que con \u201cR\u00edo Ostuta\u201d es un parteaguas para retomar el arte muralista.<\/p>\n\n\n\n<p>El maestro Takeda agradeci\u00f3 a las autoridades la oportunidad de plasmar su arte, la cual qued\u00f3 en un mural de la Casa de la Cultura de Ixhuat\u00e1n.<\/p>\n\n\n\n<p>El mural mide 50 metros cuadrados y para su creaci\u00f3n el maestro se apoy\u00f3 de la colaboraci\u00f3n de los artistas pintores Alejandra Canseco, Pablo G\u00f3mez y Jonath\u00e1n.<\/p>\n\n\n\n<p>La poblaci\u00f3n de San Francisco Ixhuat\u00e1n, artistas locales e invitados tambi\u00e9n celebra el encuentro de escritores y la feria del libro \u201cOto\u00f1o de la Palabra\u201d, el cual se desarrolla tanto de forma presencial, con las medidas sanitarias correspondientes, como de manera virtual.<\/p>\n\n\n\n<p>Poes\u00eda, m\u00fasica y presentaci\u00f3n de libros, son unas de las actividades primordiales de esta actividad cultural.<\/p>\n","protected":false},"excerpt":{"rendered":"<p>Yuridiana Sosa\/Zona Roja. Foto: Roc\u00edo Flores Oaxaca de Ju\u00e1rez, Oax., 5 de diciembre de 2020.-&hellip;<\/p>\n","protected":false},"author":2,"featured_media":20921,"comment_status":"closed","ping_status":"open","sticky":false,"template":"","format":"standard","meta":{"_lmt_disableupdate":"","_lmt_disable":"","_jetpack_memberships_contains_paid_content":false,"footnotes":""},"categories":[109,46],"tags":[686],"class_list":["post-20920","post","type-post","status-publish","format-standard","has-post-thumbnail","hentry","category-minuto-a-minuto","category-zona-blanca","tag-san-francisco-ixhuatan"],"jetpack_featured_media_url":"https:\/\/zonaroja.com.mx\/wp-content\/uploads\/2020\/12\/Takeda-Ixhuatan.jpg","jetpack_sharing_enabled":true,"_links":{"self":[{"href":"https:\/\/zonaroja.com.mx\/index.php?rest_route=\/wp\/v2\/posts\/20920","targetHints":{"allow":["GET"]}}],"collection":[{"href":"https:\/\/zonaroja.com.mx\/index.php?rest_route=\/wp\/v2\/posts"}],"about":[{"href":"https:\/\/zonaroja.com.mx\/index.php?rest_route=\/wp\/v2\/types\/post"}],"author":[{"embeddable":true,"href":"https:\/\/zonaroja.com.mx\/index.php?rest_route=\/wp\/v2\/users\/2"}],"replies":[{"embeddable":true,"href":"https:\/\/zonaroja.com.mx\/index.php?rest_route=%2Fwp%2Fv2%2Fcomments&post=20920"}],"version-history":[{"count":2,"href":"https:\/\/zonaroja.com.mx\/index.php?rest_route=\/wp\/v2\/posts\/20920\/revisions"}],"predecessor-version":[{"id":20926,"href":"https:\/\/zonaroja.com.mx\/index.php?rest_route=\/wp\/v2\/posts\/20920\/revisions\/20926"}],"wp:featuredmedia":[{"embeddable":true,"href":"https:\/\/zonaroja.com.mx\/index.php?rest_route=\/wp\/v2\/media\/20921"}],"wp:attachment":[{"href":"https:\/\/zonaroja.com.mx\/index.php?rest_route=%2Fwp%2Fv2%2Fmedia&parent=20920"}],"wp:term":[{"taxonomy":"category","embeddable":true,"href":"https:\/\/zonaroja.com.mx\/index.php?rest_route=%2Fwp%2Fv2%2Fcategories&post=20920"},{"taxonomy":"post_tag","embeddable":true,"href":"https:\/\/zonaroja.com.mx\/index.php?rest_route=%2Fwp%2Fv2%2Ftags&post=20920"}],"curies":[{"name":"wp","href":"https:\/\/api.w.org\/{rel}","templated":true}]}}