{"id":20923,"date":"2020-12-05T21:20:16","date_gmt":"2020-12-06T03:20:16","guid":{"rendered":"http:\/\/www.zonaroja.com.mx\/?p=20923"},"modified":"2020-12-05T21:20:20","modified_gmt":"2020-12-06T03:20:20","slug":"ejecutan-a-balazos-a-dos-personas-en-ocotlan-de-morelos-oaxaca","status":"publish","type":"post","link":"https:\/\/zonaroja.com.mx\/?p=20923","title":{"rendered":"Ejecutan a balazos a dos personas en Ocotl\u00e1n de Morelos, Oaxaca"},"content":{"rendered":"\n<p>Ismael Garc\u00eda M.\/Zona Roja.<\/p>\n\n\n\n<p>Oaxaca de Ju\u00e1rez, Oax., 5 de diciembre de 2020.- Dos personas fueron ejecutadas a balazos en el interior de un veh\u00edculo de motor, la noche de este s\u00e1bado, en Ocotl\u00e1n de Morelos, Oaxaca.<\/p>\n\n\n\n<p>Los hechos sucedieron en la calle Benito Ju\u00e1rez del centro de ese municipio, distante a unos 30 kil\u00f3metros al sur de la capital.<\/p>\n\n\n\n<p>Sujetos armados atacaron a balazos a los ocupantes de un veh\u00edculo marca GMC, tipo Sierra, color rojo vino.<\/p>\n\n\n\n<p>En el interior quedaron los cuerpos de los hermanos Luis y Fernando Medina, de 30 y 27 a\u00f1os de edad, respectivamente. Hasta el momento se desconoce el m\u00f3vil del doble asesinato.<\/p>\n","protected":false},"excerpt":{"rendered":"<p>Ismael Garc\u00eda M.\/Zona Roja. Oaxaca de Ju\u00e1rez, Oax., 5 de diciembre de 2020.- Dos personas&hellip;<\/p>\n","protected":false},"author":2,"featured_media":20924,"comment_status":"closed","ping_status":"open","sticky":false,"template":"","format":"standard","meta":{"_lmt_disableupdate":"","_lmt_disable":"","_jetpack_memberships_contains_paid_content":false,"footnotes":""},"categories":[109,51],"tags":[835],"class_list":["post-20923","post","type-post","status-publish","format-standard","has-post-thumbnail","hentry","category-minuto-a-minuto","category-zona-roja","tag-ocotlan-de-morelos"],"jetpack_featured_media_url":"https:\/\/zonaroja.com.mx\/wp-content\/uploads\/2020\/12\/Ejecutados-Ocotlan.jpg","jetpack_sharing_enabled":true,"_links":{"self":[{"href":"https:\/\/zonaroja.com.mx\/index.php?rest_route=\/wp\/v2\/posts\/20923","targetHints":{"allow":["GET"]}}],"collection":[{"href":"https:\/\/zonaroja.com.mx\/index.php?rest_route=\/wp\/v2\/posts"}],"about":[{"href":"https:\/\/zonaroja.com.mx\/index.php?rest_route=\/wp\/v2\/types\/post"}],"author":[{"embeddable":true,"href":"https:\/\/zonaroja.com.mx\/index.php?rest_route=\/wp\/v2\/users\/2"}],"replies":[{"embeddable":true,"href":"https:\/\/zonaroja.com.mx\/index.php?rest_route=%2Fwp%2Fv2%2Fcomments&post=20923"}],"version-history":[{"count":1,"href":"https:\/\/zonaroja.com.mx\/index.php?rest_route=\/wp\/v2\/posts\/20923\/revisions"}],"predecessor-version":[{"id":20925,"href":"https:\/\/zonaroja.com.mx\/index.php?rest_route=\/wp\/v2\/posts\/20923\/revisions\/20925"}],"wp:featuredmedia":[{"embeddable":true,"href":"https:\/\/zonaroja.com.mx\/index.php?rest_route=\/wp\/v2\/media\/20924"}],"wp:attachment":[{"href":"https:\/\/zonaroja.com.mx\/index.php?rest_route=%2Fwp%2Fv2%2Fmedia&parent=20923"}],"wp:term":[{"taxonomy":"category","embeddable":true,"href":"https:\/\/zonaroja.com.mx\/index.php?rest_route=%2Fwp%2Fv2%2Fcategories&post=20923"},{"taxonomy":"post_tag","embeddable":true,"href":"https:\/\/zonaroja.com.mx\/index.php?rest_route=%2Fwp%2Fv2%2Ftags&post=20923"}],"curies":[{"name":"wp","href":"https:\/\/api.w.org\/{rel}","templated":true}]}}