{"id":20933,"date":"2020-12-06T07:29:22","date_gmt":"2020-12-06T13:29:22","guid":{"rendered":"http:\/\/www.zonaroja.com.mx\/?p=20933"},"modified":"2020-12-06T07:29:26","modified_gmt":"2020-12-06T13:29:26","slug":"aprueba-la-mayoria-del-pan-aliarse-con-el-pri-y-prd","status":"publish","type":"post","link":"https:\/\/zonaroja.com.mx\/?p=20933","title":{"rendered":"Aprueba la mayor\u00eda del PAN aliarse con el PRI y PRD"},"content":{"rendered":"\n<p>Redacci\u00f3n\/Zona Roja Cdmx.<\/p>\n\n\n\n<p>Ciudad de M\u00e9xico, 6 de diciembre de 2020.- Tras reconocer que solos no lograr\u00e1n alcanzar la mayor\u00eda en la C\u00e1mara de Diputados en las elecciones 2021, el Consejo Nacional del PAN aval\u00f3 conformar una coalici\u00f3n amplia en al menos 134 distritos electorales federales con el PRI y PRD.<\/p>\n\n\n\n<p>\u00abSi queremos lograr la mayor\u00eda en la C\u00e1mara de Diputados tenemos que llegar al principio de realidad: hoy en las circunstancias en las cuales nos encontramos no hay forma de construir una mayor\u00eda, y si no hay forma no va a haber forma de frenar a este gobierno.<\/p>\n\n\n\n<p>\u00abTenemos que buscar el control de la C\u00e1mara de los Diputados para controlar una parte importante de lo que est\u00e1 haciendo este gobierno\u00bb, reconoci\u00f3 en el c\u00f3nclave el panista Santiago Creel Miranda, presidente de la Comisi\u00f3n Pol\u00edtica del albiazul.<\/p>\n\n\n\n<p>Como lo adelant\u00f3 \u201cEl Heraldo de M\u00e9xico\u201d en su edici\u00f3n del viernes, los consejeros nacionales tambi\u00e9n avalaron dejar abierta la posibilidad de impulsar candidaturas con organizaciones civiles, como M\u00e9xico Libre de Margarita Zavala y Felipe Calder\u00f3n.<\/p>\n\n\n\n<p>En cuanto a las alianzas con PRI y PRD, no se realizar\u00e1 en distritos electorales federales correspondientes a los estados de Jalisco, Morelos, Quer\u00e9taro y Tamaulipas.<\/p>\n\n\n\n<p>En el c\u00f3nclave privado, el Consejo Nacional vot\u00f3 de manera abrumadora con 215 panistas a favor, 13 votos en contra y cuatro abstenciones, para suscribir convenios de coalici\u00f3n flexible o parcial con otros partidos pol\u00edticos, a excepci\u00f3n de Morena.<\/p>\n\n\n\n<p>\u00abPara la conformaci\u00f3n de una mayor\u00eda que suscriba una agenda democr\u00e1tica m\u00ednima com\u00fan, suscrita p\u00fablicamente por partidos y candidatos, comprometida con el Federalismo, el combate a la corrupci\u00f3n, el fortalecimiento democr\u00e1tico poniendo siempre al ciudadano como el principal beneficiario de esta agenda\u00bb, indica el acuerdo votado ayer en el PAN.<\/p>\n\n\n\n<p>Entre las cl\u00e1usulas de la coalici\u00f3n PAN-PRI-PRD, impusieron que se reserve el derecho de veto a los pol\u00edticos impresentables, que proponga perfiles que no se vendan, ni se atemoricen frente al poder, adem\u00e1s firmen un compromiso p\u00fablico de defensa de las instituciones, la democracia, libertad, Estado de Derecho y del fortalecimiento de los estados y municipios, afirm\u00f3 Marko Cort\u00e9s, l\u00edder nacional de Acci\u00f3n Nacional.<\/p>\n\n\n\n<p>(Informaci\u00f3n de \u201cEl Heraldo de M\u00e9xico\u201d)<\/p>\n","protected":false},"excerpt":{"rendered":"<p>Redacci\u00f3n\/Zona Roja Cdmx. Ciudad de M\u00e9xico, 6 de diciembre de 2020.- Tras reconocer que solos&hellip;<\/p>\n","protected":false},"author":2,"featured_media":20934,"comment_status":"closed","ping_status":"open","sticky":false,"template":"","format":"standard","meta":{"_lmt_disableupdate":"","_lmt_disable":"","_jetpack_memberships_contains_paid_content":false,"footnotes":""},"categories":[109,47],"tags":[2277],"class_list":["post-20933","post","type-post","status-publish","format-standard","has-post-thumbnail","hentry","category-minuto-a-minuto","category-zona-gris","tag-coalicion-pan-pri-y-prd"],"jetpack_featured_media_url":"https:\/\/zonaroja.com.mx\/wp-content\/uploads\/2020\/12\/Coalicion-PRI-PAN-PRD.png","jetpack_sharing_enabled":true,"_links":{"self":[{"href":"https:\/\/zonaroja.com.mx\/index.php?rest_route=\/wp\/v2\/posts\/20933","targetHints":{"allow":["GET"]}}],"collection":[{"href":"https:\/\/zonaroja.com.mx\/index.php?rest_route=\/wp\/v2\/posts"}],"about":[{"href":"https:\/\/zonaroja.com.mx\/index.php?rest_route=\/wp\/v2\/types\/post"}],"author":[{"embeddable":true,"href":"https:\/\/zonaroja.com.mx\/index.php?rest_route=\/wp\/v2\/users\/2"}],"replies":[{"embeddable":true,"href":"https:\/\/zonaroja.com.mx\/index.php?rest_route=%2Fwp%2Fv2%2Fcomments&post=20933"}],"version-history":[{"count":1,"href":"https:\/\/zonaroja.com.mx\/index.php?rest_route=\/wp\/v2\/posts\/20933\/revisions"}],"predecessor-version":[{"id":20935,"href":"https:\/\/zonaroja.com.mx\/index.php?rest_route=\/wp\/v2\/posts\/20933\/revisions\/20935"}],"wp:featuredmedia":[{"embeddable":true,"href":"https:\/\/zonaroja.com.mx\/index.php?rest_route=\/wp\/v2\/media\/20934"}],"wp:attachment":[{"href":"https:\/\/zonaroja.com.mx\/index.php?rest_route=%2Fwp%2Fv2%2Fmedia&parent=20933"}],"wp:term":[{"taxonomy":"category","embeddable":true,"href":"https:\/\/zonaroja.com.mx\/index.php?rest_route=%2Fwp%2Fv2%2Fcategories&post=20933"},{"taxonomy":"post_tag","embeddable":true,"href":"https:\/\/zonaroja.com.mx\/index.php?rest_route=%2Fwp%2Fv2%2Ftags&post=20933"}],"curies":[{"name":"wp","href":"https:\/\/api.w.org\/{rel}","templated":true}]}}