{"id":20939,"date":"2020-12-06T08:03:35","date_gmt":"2020-12-06T14:03:35","guid":{"rendered":"http:\/\/www.zonaroja.com.mx\/?p=20939"},"modified":"2020-12-06T08:03:39","modified_gmt":"2020-12-06T14:03:39","slug":"fracaso-de-politicas-publicas-dejan-483-feminicidios-en-gobierno-de-murat","status":"publish","type":"post","link":"https:\/\/zonaroja.com.mx\/?p=20939","title":{"rendered":"Fracaso de pol\u00edticas p\u00fablicas dejan 483 feminicidios en gobierno de Murat"},"content":{"rendered":"\n<p>Redacci\u00f3n\/Zona Roja.<\/p>\n\n\n\n<p>Oaxaca de Ju\u00e1rez, Oax., 6 de diciembre de 2020.- Las 483 mujeres y ni\u00f1as que han sido asesinadas de manera violenta durante la administraci\u00f3n de Alejandro Murat &#8211;266 desde la Declaratoria de Alerta por Violencia de G\u00e9nero, 98 en lo que va del a\u00f1o&#8211;, reflejan los niveles de violencia feminicida en el estado.<\/p>\n\n\n\n<p>As\u00ed lo consider\u00f3 la presidenta del Grupo de Estudios sobre la Mujer \u201cRosario Castellanos\u201d, Ang\u00e9lica Ayala Ortiz, quien acus\u00f3 que la grave situaci\u00f3n es el resultado del fracaso de las pol\u00edticas p\u00fablicas en Oaxaca.<\/p>\n\n\n\n<p>Por ello, dijo que es urgente una evaluaci\u00f3n de resultados de las instancias de administraci\u00f3n y procuraci\u00f3n de justicia, pues \u201cm\u00e1s all\u00e1 de la aprehensi\u00f3n de probables responsables, es necesario conocer el porcentaje de personas sentenciadas en la actual administraci\u00f3n\u201d.<\/p>\n\n\n\n<p>A\u00f1adi\u00f3 que evaluar la problem\u00e1tica permitir\u00e1 a estas instancias identificar las \u00e1reas de atenci\u00f3n, las necesidades de capacitaci\u00f3n y fortalecimiento, as\u00ed como las pr\u00e1cticas relacionadas con la corrupci\u00f3n.<\/p>\n\n\n\n<p>\u201cLa impunidad es un problema grave, que ha llevado a la denuncia y exigencia p\u00fablica de las familias de las v\u00edctimas, a las que cada d\u00eda se suman m\u00e1s voces demandando justicia\u201d, agreg\u00f3.<\/p>\n\n\n\n<p>Remarc\u00f3 que evaluar, sancionar y tomar decisiones acordes por la falta de resultados de prevenci\u00f3n, atenci\u00f3n y sanci\u00f3n de la violencia hacia las mujeres, es un tema pendiente de la actual administraci\u00f3n.<\/p>\n\n\n\n<p>\u201cLas 483 mujeres y ni\u00f1as asesinadas de manera violenta son un doloroso costo social, pues cada una de ellas representa el fracaso de una pol\u00edtica p\u00fablica que no pudo salvaguardar su vida y a\u00fan m\u00e1s se agrava con los elevados niveles de impunidad\u201d, remarc\u00f3.<\/p>\n","protected":false},"excerpt":{"rendered":"<p>Redacci\u00f3n\/Zona Roja. Oaxaca de Ju\u00e1rez, Oax., 6 de diciembre de 2020.- Las 483 mujeres y&hellip;<\/p>\n","protected":false},"author":2,"featured_media":14120,"comment_status":"closed","ping_status":"open","sticky":false,"template":"","format":"standard","meta":{"_lmt_disableupdate":"","_lmt_disable":"","_jetpack_memberships_contains_paid_content":false,"footnotes":""},"categories":[109,47],"tags":[610],"class_list":["post-20939","post","type-post","status-publish","format-standard","has-post-thumbnail","hentry","category-minuto-a-minuto","category-zona-gris","tag-feminicidios-oaxaca"],"jetpack_featured_media_url":"https:\/\/zonaroja.com.mx\/wp-content\/uploads\/2020\/06\/Feminicidios-Oaxaca-1.jpg","jetpack_sharing_enabled":true,"_links":{"self":[{"href":"https:\/\/zonaroja.com.mx\/index.php?rest_route=\/wp\/v2\/posts\/20939","targetHints":{"allow":["GET"]}}],"collection":[{"href":"https:\/\/zonaroja.com.mx\/index.php?rest_route=\/wp\/v2\/posts"}],"about":[{"href":"https:\/\/zonaroja.com.mx\/index.php?rest_route=\/wp\/v2\/types\/post"}],"author":[{"embeddable":true,"href":"https:\/\/zonaroja.com.mx\/index.php?rest_route=\/wp\/v2\/users\/2"}],"replies":[{"embeddable":true,"href":"https:\/\/zonaroja.com.mx\/index.php?rest_route=%2Fwp%2Fv2%2Fcomments&post=20939"}],"version-history":[{"count":1,"href":"https:\/\/zonaroja.com.mx\/index.php?rest_route=\/wp\/v2\/posts\/20939\/revisions"}],"predecessor-version":[{"id":20940,"href":"https:\/\/zonaroja.com.mx\/index.php?rest_route=\/wp\/v2\/posts\/20939\/revisions\/20940"}],"wp:featuredmedia":[{"embeddable":true,"href":"https:\/\/zonaroja.com.mx\/index.php?rest_route=\/wp\/v2\/media\/14120"}],"wp:attachment":[{"href":"https:\/\/zonaroja.com.mx\/index.php?rest_route=%2Fwp%2Fv2%2Fmedia&parent=20939"}],"wp:term":[{"taxonomy":"category","embeddable":true,"href":"https:\/\/zonaroja.com.mx\/index.php?rest_route=%2Fwp%2Fv2%2Fcategories&post=20939"},{"taxonomy":"post_tag","embeddable":true,"href":"https:\/\/zonaroja.com.mx\/index.php?rest_route=%2Fwp%2Fv2%2Ftags&post=20939"}],"curies":[{"name":"wp","href":"https:\/\/api.w.org\/{rel}","templated":true}]}}