{"id":2094,"date":"2019-07-07T21:14:37","date_gmt":"2019-07-08T02:14:37","guid":{"rendered":"http:\/\/www.zonaroja.com.mx\/?p=2094"},"modified":"2019-07-07T21:15:52","modified_gmt":"2019-07-08T02:15:52","slug":"cronica-aviles-bendito-entre-las-mujeres-y-por-el-dedo-elector","status":"publish","type":"post","link":"https:\/\/zonaroja.com.mx\/?p=2094","title":{"rendered":"Cr\u00f3nica. Avil\u00e9s, \u00bfbendito entre las mujeres y por el dedo elector?"},"content":{"rendered":"\n<p>Ismael\nGarc\u00eda M.<\/p>\n\n\n\n<p>Oaxaca de\nJu\u00e1rez, Oax., 7 de julio de 2019.- Se sinti\u00f3 bendito entre las mujeres. Y &nbsp;por el dedo elector. La ma\u00f1ana del domingo fue\npara Alejandro Avil\u00e9s \u00c1lvarez, no para \u201cAlito\u201d. <\/p>\n\n\n\n<p>La estrella,\nel diputado local por el PRI, no Alejandro Moreno C\u00e1rdenas.<\/p>\n\n\n\n<p>Entre los\nsuyos, o las suyas, sus leales. Mujeres que ofrecieron un desayuno a quien\nbusca la dirigencia nacional del Revolucionario Institucional, pero que se\nvolcaron en elogios al ex secretario General de Gobierno, que fue destituido\npor usar un helic\u00f3ptero oficial para trasladarse a una playa de la Costa.<\/p>\n\n\n\n<p>A las nueve\nde la ma\u00f1ana fue la cita. Elegantes, \u201cfif\u00eds\u201d todas. Ataviadas con trajes de\ncada regi\u00f3n, pero no cualquier traje. De marca, de los caros, no de los\nsencillos que venden en cualquier puesto de la esquina.<\/p>\n\n\n\n<p>Ah\u00ed estaban\nlas avilistas: Mar\u00eda Luisa Matus Fuentes, Rebeca Cervantes, Mar\u00eda del Carmen\nRic\u00e1rdez Vela, Raquel Alberto, esta \u00faltima que alguna vez fue fiel a Ulises\nRuiz, por m\u00e1s de un sexenio.<\/p>\n\n\n\n<p>Los elogios\npara Avil\u00e9s, que se regodeaba. Al lado de \u201cAlito\u201d, re\u00eda, hablaba al o\u00eddo al\ncandidato; gesticulaba, ordenaba porras. <\/p>\n\n\n\n<p>El candidato\na la dirigencia nacional, en segundo plano; en tercer plano, una que otra\npalabra de elogio para Alejandro Murat y su esposa, Ivette Mor\u00e1n, quien recorre\nel estado como si fuera ya candidata.<\/p>\n\n\n\n<p>A temprana\nhora circul\u00f3 un aviso por redes sociales, en que se advert\u00eda una protesta en\ncontra de Rebeca Cervantes, por parte de familiares de Ivanna Mingo, joven que\nfalleci\u00f3 a causa de un accidente provocado por el hijo de la priista. <\/p>\n\n\n\n<p>Quiz\u00e1 por\nello, medio centenar de polic\u00edas estatales, vestidos de civil, resguard\u00f3\naccesos al patio del encuentro, en el hotel Misi\u00f3n de los \u00c1ngeles.<\/p>\n\n\n\n<p>Desayuno\nfrugal, en un pato rodeado de jardines y frondosos \u00e1rboles. Zapatillas, joyas,\nlas mejores prendas para lucir ante el candidato. Ninguna acarreada, ninguna\ndel populacho; todas llegaron en su camioneta, algunas con chofer.<\/p>\n\n\n\n<p>Presentes\nvarias funcionarias del gobierno estatal, que buscaban la foto con \u201cAlito\u201d. Ah\u00ed\nestaban la secretaria de Desarrollo Agropecuario, Sof\u00eda Castro R\u00edos, de\ndiscreto pantal\u00f3n de mezclilla y blusa blanca; Amairani Morales, funcionaria de\nlos Servicios de Salud; M\u00edriam Liborio, de Instituto Estatal de Educaci\u00f3n para\nAdultos; la cuestionada Mariana Nassar Pi\u00f1eyro, al frente de la Secretar\u00eda de\nTransporte. <\/p>\n\n\n\n<p>El amago de\nprotesta no amilan\u00f3 a nadie. Todas felices, todas con palabras de reconocimiento\na su l\u00edder: Avil\u00e9s.<\/p>\n\n\n\n<p>\u201cTenemos un\npartido bien organizado, bien estructurado\u2026 Ac\u00e1 estamos refrend\u00e1ndote nuestro\napoyo y nuestra confianza. Hoy m\u00e1s que nunca necesitamos un dirigente del PRI\nque tenga valor\u201d, las palabras de Rebeca Cervantes, ex delegada de la Profeco y\nacusada de proteger a su hijo Alfredo Delgado.<\/p>\n\n\n\n<p>Segu\u00eda Mar\u00eda\nLuisa Matus, que ya se apuntaba para alguna candidatura: \u201cNecesitamos que las\nque vayan a puestos de elecci\u00f3n sean las representativas, que las apoyemos a\nganar, que no las dejemos solas\u201d&#8230; Y luego el reconocimiento para su l\u00edder\npol\u00edtico.<\/p>\n\n\n\n<p>Palabras de elogio y porras tambi\u00e9n de Mar\u00eda del C\u00e1rmen Ric\u00e1rdez, de Raquel Alberto para Avil\u00e9s.<\/p>\n\n\n\n<figure class=\"wp-block-embed-twitter wp-block-embed is-type-rich is-provider-twitter\"><div class=\"wp-block-embed__wrapper\">\n<div class=\"twitter-tweet\"><blockquote class=\"twitter-tweet\" data-lang=\"es\"><p lang=\"es\" dir=\"ltr\"><a href=\"https:\/\/twitter.com\/hashtag\/OaxacaGris?src=hash&amp;ref_src=twsrc%5Etfw\">#OaxacaGris<\/a><br>Este domingo, el candidato a dirigir el <a href=\"https:\/\/twitter.com\/PRI_Nacional?ref_src=twsrc%5Etfw\">@PRI_Nacional<\/a>, el campechano <a href=\"https:\/\/twitter.com\/alitomorenoc?ref_src=twsrc%5Etfw\">@alitomorenoc<\/a>, se encuentra en Oaxaca; en el hotel Misi\u00f3n de Los \u00c1ngeles, que fue resguardado por polic\u00edas vestidos de civil, se reuni\u00f3 con mujeres de la entidad. <a href=\"https:\/\/t.co\/DPiHDXvXbM\">pic.twitter.com\/DPiHDXvXbM<\/a><\/p>&mdash; Zona Roja Oaxaca (@MexRoja) <a href=\"https:\/\/twitter.com\/MexRoja\/status\/1147929199665209347?ref_src=twsrc%5Etfw\">7 de julio de 2019<\/a><\/blockquote><\/div>\n<\/div><\/figure>\n\n\n\n<p>Y \u201cAlito\u201d\nremat\u00f3 el destape: <\/p>\n\n\n\n<p>\u201cAgradezco a\nun oaxaque\u00f1o que tiene un compromiso enorme con las mujeres, que es mi amigo\ndesde hace muchos a\u00f1os, y que sabe que cuenta con nuestro afecto y nuestro\ncari\u00f1o, y que sabe c\u00f3mo apoyar y respaldar a las mujeres. \u00a1Avil\u00e9s! \u00a1Avil\u00e9s!\n\u00a1Avil\u00e9s!\u201d.<\/p>\n\n\n\n<p>En la mesa\nprincipal, casi al centro, el diputado local sonre\u00eda. Se crec\u00eda. Ten\u00eda en la\nbolsa por lo pronto la coordinaci\u00f3n de la campa\u00f1a de Alejandro Moreno. Ten\u00eda su\nrespaldo, aunque no est\u00e1 seguro si tambi\u00e9n del dedo elector que gobierna desde\nla ciudad de M\u00e9xico.<\/p>\n\n\n\n<p>10:30 horas.\n\u00bfTodo estaba consumado?<\/p>\n","protected":false},"excerpt":{"rendered":"<p>Ismael Garc\u00eda M. Oaxaca de Ju\u00e1rez, Oax., 7 de julio de 2019.- Se sinti\u00f3 bendito&hellip;<\/p>\n","protected":false},"author":2,"featured_media":2095,"comment_status":"closed","ping_status":"open","sticky":false,"template":"","format":"standard","meta":{"_lmt_disableupdate":"","_lmt_disable":"","_jetpack_memberships_contains_paid_content":false,"footnotes":""},"categories":[109,1,47],"tags":[316,315],"class_list":["post-2094","post","type-post","status-publish","format-standard","has-post-thumbnail","hentry","category-minuto-a-minuto","category-sin-categoria","category-zona-gris","tag-alejandro-aviles-alvarez","tag-alito"],"jetpack_featured_media_url":"https:\/\/zonaroja.com.mx\/wp-content\/uploads\/2019\/07\/Alejandro-Moreno-C\u00e1rdenas.jpg","jetpack_sharing_enabled":true,"_links":{"self":[{"href":"https:\/\/zonaroja.com.mx\/index.php?rest_route=\/wp\/v2\/posts\/2094","targetHints":{"allow":["GET"]}}],"collection":[{"href":"https:\/\/zonaroja.com.mx\/index.php?rest_route=\/wp\/v2\/posts"}],"about":[{"href":"https:\/\/zonaroja.com.mx\/index.php?rest_route=\/wp\/v2\/types\/post"}],"author":[{"embeddable":true,"href":"https:\/\/zonaroja.com.mx\/index.php?rest_route=\/wp\/v2\/users\/2"}],"replies":[{"embeddable":true,"href":"https:\/\/zonaroja.com.mx\/index.php?rest_route=%2Fwp%2Fv2%2Fcomments&post=2094"}],"version-history":[{"count":1,"href":"https:\/\/zonaroja.com.mx\/index.php?rest_route=\/wp\/v2\/posts\/2094\/revisions"}],"predecessor-version":[{"id":2096,"href":"https:\/\/zonaroja.com.mx\/index.php?rest_route=\/wp\/v2\/posts\/2094\/revisions\/2096"}],"wp:featuredmedia":[{"embeddable":true,"href":"https:\/\/zonaroja.com.mx\/index.php?rest_route=\/wp\/v2\/media\/2095"}],"wp:attachment":[{"href":"https:\/\/zonaroja.com.mx\/index.php?rest_route=%2Fwp%2Fv2%2Fmedia&parent=2094"}],"wp:term":[{"taxonomy":"category","embeddable":true,"href":"https:\/\/zonaroja.com.mx\/index.php?rest_route=%2Fwp%2Fv2%2Fcategories&post=2094"},{"taxonomy":"post_tag","embeddable":true,"href":"https:\/\/zonaroja.com.mx\/index.php?rest_route=%2Fwp%2Fv2%2Ftags&post=2094"}],"curies":[{"name":"wp","href":"https:\/\/api.w.org\/{rel}","templated":true}]}}