{"id":20953,"date":"2020-12-06T19:45:06","date_gmt":"2020-12-07T01:45:06","guid":{"rendered":"http:\/\/www.zonaroja.com.mx\/?p=20953"},"modified":"2020-12-06T19:45:09","modified_gmt":"2020-12-07T01:45:09","slug":"otra-pifia-de-la-fiscalia-de-oaxaca-liberan-a-los-dos-agentes-de-la-aei","status":"publish","type":"post","link":"https:\/\/zonaroja.com.mx\/?p=20953","title":{"rendered":"Otra pifia de la Fiscal\u00eda de Oaxaca: liberan a los dos agentes de la AEI"},"content":{"rendered":"\n<p>Ismael Garc\u00eda M.\/Zona Roja.<\/p>\n\n\n\n<p>Oaxaca de Ju\u00e1rez, Oax., 6 de diciembre de 2020.- Por errores del Ministerio P\u00fablico de la Fiscal\u00eda General del Estado de Oaxaca en la integraci\u00f3n de la Carpeta de Investigaci\u00f3n, as\u00ed como por violar la juez un amparo federal, dos elementos de la Agencia Estatal de Investigaciones (AEI), acusados de corrupci\u00f3n, fueron puestos en libertad.<\/p>\n\n\n\n<p>Este domingo en el Juzgado de Control con sede en Ejutla de Crespo se llev\u00f3 a cabo la audiencia en que la juez reconoci\u00f3 su error al decretar prisi\u00f3n preventiva, pese a que los agentes E. M. C. y J. L. G. F. contaban con un amparo provisional.<\/p>\n\n\n\n<p>El amparo fue otorgado a los acusados debido a la mala integraci\u00f3n de la Carpeta de Investigaci\u00f3n por parte de la Fiscal\u00eda General, lo que, seg\u00fan los familiares de los acusadores, fue adrede.<\/p>\n\n\n\n<p>El pasado 2 de diciembre, los elementos de la AEI se hab\u00edan presentado voluntariamente a la cita judicial, amparo en mano, ante el juzgado referido, para comunicarles la imputaci\u00f3n; sin embargo, pese a ello fueron enviados a prisi\u00f3n provisional.<\/p>\n\n\n\n<p>Ahora, los imputados seguir\u00e1n el proceso, pero en libertad. En tanto, la defensa prepara tambi\u00e9n alegatos contra la violaci\u00f3n de la presunci\u00f3n de inocencia por parte de la instituci\u00f3n de procuraci\u00f3n de justicia.<\/p>\n\n\n\n<p>En un comunicado de prensa el mismo 2 de diciembre, la Fiscal\u00eda General del Estado hab\u00eda festinado la detenci\u00f3n y la prisi\u00f3n preventiva, ensalzando que de esta manera combat\u00eda la corrupci\u00f3n en el interior de la instituci\u00f3n, a pesar de que los dos agentes de la AEI no han sido juzgados ni mucho menos sentenciados.<\/p>\n","protected":false},"excerpt":{"rendered":"<p>Ismael Garc\u00eda M.\/Zona Roja. Oaxaca de Ju\u00e1rez, Oax., 6 de diciembre de 2020.- Por errores&hellip;<\/p>\n","protected":false},"author":2,"featured_media":5407,"comment_status":"closed","ping_status":"open","sticky":false,"template":"","format":"standard","meta":{"_lmt_disableupdate":"","_lmt_disable":"","_jetpack_memberships_contains_paid_content":false,"footnotes":""},"categories":[109,47],"tags":[1709,494],"class_list":["post-20953","post","type-post","status-publish","format-standard","has-post-thumbnail","hentry","category-minuto-a-minuto","category-zona-gris","tag-agencia-estatal-de-investigaciones-aei","tag-fiscalia-general-del-estado-de-oaxaca"],"jetpack_featured_media_url":"https:\/\/zonaroja.com.mx\/wp-content\/uploads\/2019\/11\/Fiscal\u00eda-General-del-Estado-2.jpg","jetpack_sharing_enabled":true,"_links":{"self":[{"href":"https:\/\/zonaroja.com.mx\/index.php?rest_route=\/wp\/v2\/posts\/20953","targetHints":{"allow":["GET"]}}],"collection":[{"href":"https:\/\/zonaroja.com.mx\/index.php?rest_route=\/wp\/v2\/posts"}],"about":[{"href":"https:\/\/zonaroja.com.mx\/index.php?rest_route=\/wp\/v2\/types\/post"}],"author":[{"embeddable":true,"href":"https:\/\/zonaroja.com.mx\/index.php?rest_route=\/wp\/v2\/users\/2"}],"replies":[{"embeddable":true,"href":"https:\/\/zonaroja.com.mx\/index.php?rest_route=%2Fwp%2Fv2%2Fcomments&post=20953"}],"version-history":[{"count":1,"href":"https:\/\/zonaroja.com.mx\/index.php?rest_route=\/wp\/v2\/posts\/20953\/revisions"}],"predecessor-version":[{"id":20954,"href":"https:\/\/zonaroja.com.mx\/index.php?rest_route=\/wp\/v2\/posts\/20953\/revisions\/20954"}],"wp:featuredmedia":[{"embeddable":true,"href":"https:\/\/zonaroja.com.mx\/index.php?rest_route=\/wp\/v2\/media\/5407"}],"wp:attachment":[{"href":"https:\/\/zonaroja.com.mx\/index.php?rest_route=%2Fwp%2Fv2%2Fmedia&parent=20953"}],"wp:term":[{"taxonomy":"category","embeddable":true,"href":"https:\/\/zonaroja.com.mx\/index.php?rest_route=%2Fwp%2Fv2%2Fcategories&post=20953"},{"taxonomy":"post_tag","embeddable":true,"href":"https:\/\/zonaroja.com.mx\/index.php?rest_route=%2Fwp%2Fv2%2Ftags&post=20953"}],"curies":[{"name":"wp","href":"https:\/\/api.w.org\/{rel}","templated":true}]}}