{"id":20955,"date":"2020-12-06T20:36:32","date_gmt":"2020-12-07T02:36:32","guid":{"rendered":"http:\/\/www.zonaroja.com.mx\/?p=20955"},"modified":"2020-12-06T20:52:23","modified_gmt":"2020-12-07T02:52:23","slug":"despido-de-docentes-en-la-unistmo-incrementa-la-violencia-contra-estudiantes","status":"publish","type":"post","link":"https:\/\/zonaroja.com.mx\/?p=20955","title":{"rendered":"Despido de docentes en la Unistmo incrementa la violencia contra estudiantes"},"content":{"rendered":"\n<p>Evlin Arag\u00f3n\/Zona Roja.<\/p>\n\n\n\n<p>Oaxaca de Ju\u00e1rez, Oax., 6 de diciembre de 2020.- \u201cNo tendr\u00edamos que estar denunciando que no hay justicia, si las autoridades se unieran en un frente com\u00fan para garantizar la vida libre de violencias a la que tenemos derecho las mujeres\u201d.<\/p>\n\n\n\n<p>Son las declaraciones de la catedr\u00e1tica Virginia Ilescas Vela, quien recientemente fue despedida de la Universidad del Istmo (Unistmo) Campus Ixtepec, debido al acompa\u00f1amiento que ha realizado a las estudiantes que han denunciado acoso y hostigamiento sexual al interior de la instituci\u00f3n.&nbsp;&nbsp;<\/p>\n\n\n\n<p>Para la docente, su cese laboral es un acto de venganza por parte de las autoridades universitarias, que a\u00fan no dimensionan la gravedad de la problem\u00e1tica, ya que lejos de atenderla se han dedicado a negarla, minimizarla y tratar de contrarrestar ejerciendo a\u00fan m\u00e1s violencia en contra de las estudiantes.&nbsp;<\/p>\n\n\n\n<p>El despido, de acuerdo con la denunciante, forma parte de una estrategia para callar las denuncias de acoso y hostigamiento sexual que se hicieron desde el pasado 8 de marzo y por las cuales un profesor ha sido vinculado a proceso por parte de las autoridades de procuraci\u00f3n de justicia, sin embargo, mantiene su puesto como docente.&nbsp;<\/p>\n\n\n\n<p>\u201cHacen este despido para callarnos, para que dejemos de apoyarlas. La intenci\u00f3n de las autoridades es sacarnos de la universidad a los tres catedr\u00e1ticos que hemos acompa\u00f1ado a las estudiantes y con ello quitarles el apoyo. Lo que quieren es que las alumnas y otras compa\u00f1eras trabajadoras tengan miedo y dejen de denunciar la violencia que se vive al interior de la instituci\u00f3n\u201d, dijo en entrevista con ZONA ROJA.\u00a0\u00a0\u00a0<\/p>\n\n\n\n<figure class=\"wp-block-embed-twitter wp-block-embed is-type-rich is-provider-twitter\"><div class=\"wp-block-embed__wrapper\">\n<div class=\"twitter-tweet\"><blockquote class=\"twitter-tweet\" data-lang=\"es\"><p lang=\"es\" dir=\"ltr\"><a href=\"https:\/\/twitter.com\/hashtag\/OaxacaGris?src=hash&amp;ref_src=twsrc%5Etfw\">#OaxacaGris<\/a><br>\u201cNo tendr\u00edamos que estar denunciando que no hay justicia, si las autoridades se unieran para garantizar la vida libre de violencias a la que tenemos derecho \u201d, afirm\u00f3 la catedr\u00e1tica Virginia Ilescas, despedida de la <a href=\"https:\/\/twitter.com\/UNISTMO_SUNEO?ref_src=twsrc%5Etfw\">@UNISTMO_SUNEO<\/a> por defender a alumnas de acoso. <a href=\"https:\/\/t.co\/EtVx2mXXgb\">pic.twitter.com\/EtVx2mXXgb<\/a><\/p>&mdash; Zona Roja Oaxaca (@MexRoja) <a href=\"https:\/\/twitter.com\/MexRoja\/status\/1335773699220238337?ref_src=twsrc%5Etfw\">7 de diciembre de 2020<\/a><\/blockquote><\/div>\n<\/div><\/figure>\n\n\n\n<p>Virginia Ilescas indic\u00f3 que las autoridades universitarias no son conscientes que la violencia de g\u00e9nero escala de nivel, inicia siempre con palabras que de no atenderse pueden derivar en acciones sumamente violentas como son los feminicidios que han crecido de forma dram\u00e1tica en los \u00faltimos meses, siendo la regi\u00f3n del Istmo la m\u00e1s peligrosa para las mujeres.&nbsp;&nbsp;<\/p>\n\n\n\n<p>\u201cSe deben de unir las instituciones p\u00fablicas para atender la violencia feminicida que acab\u00f3 con la vida de las mujeres. La prevenci\u00f3n de la violencia debe ser un compromiso a nivel estatal y federal para evitar las agresiones en el \u00e1mbito p\u00fablico y privado. Hay que dejar de pensar que a las mujeres nos pueden agredir, violar y matar\u201d, indic\u00f3.&nbsp;<\/p>\n\n\n\n<p>Finalmente, manifest\u00f3 que la Universidad del Istmo no es la \u00fanica que registra un alto niveles violencia contra las mujeres, toda vez que se trata de una problem\u00e1tica que lamentablemente se ha generalizado en la sociedad, por lo que es fundamental que sea atendida con seriedad, sin victimizar a las denunciantes y buscando siempre hacer justicia, particularmente al interior de las instituciones educativas. A la par que detall\u00f3 es importante que los discursos de las autoridades en torno a la cero tolerancia hacia la violencia de g\u00e9nero, se hagan realidad, y as\u00ed se eviten ataque como los recientes asesinatos violentos de Geovanna y \u201cShirley\u201d, mujeres transg\u00e9nero.<\/p>\n","protected":false},"excerpt":{"rendered":"<p>Evlin Arag\u00f3n\/Zona Roja. Oaxaca de Ju\u00e1rez, Oax., 6 de diciembre de 2020.- \u201cNo tendr\u00edamos que&hellip;<\/p>\n","protected":false},"author":2,"featured_media":20957,"comment_status":"closed","ping_status":"open","sticky":false,"template":"","format":"standard","meta":{"_lmt_disableupdate":"","_lmt_disable":"","_jetpack_memberships_contains_paid_content":false,"footnotes":""},"categories":[109,47],"tags":[1509,2281],"class_list":["post-20955","post","type-post","status-publish","format-standard","has-post-thumbnail","hentry","category-minuto-a-minuto","category-zona-gris","tag-acoso-universidad-del-istmo-oaxaca","tag-virginia-ilescas-vela"],"jetpack_featured_media_url":"https:\/\/zonaroja.com.mx\/wp-content\/uploads\/2020\/12\/Virginia-Ilescas-Unitsmo.jpg","jetpack_sharing_enabled":true,"_links":{"self":[{"href":"https:\/\/zonaroja.com.mx\/index.php?rest_route=\/wp\/v2\/posts\/20955","targetHints":{"allow":["GET"]}}],"collection":[{"href":"https:\/\/zonaroja.com.mx\/index.php?rest_route=\/wp\/v2\/posts"}],"about":[{"href":"https:\/\/zonaroja.com.mx\/index.php?rest_route=\/wp\/v2\/types\/post"}],"author":[{"embeddable":true,"href":"https:\/\/zonaroja.com.mx\/index.php?rest_route=\/wp\/v2\/users\/2"}],"replies":[{"embeddable":true,"href":"https:\/\/zonaroja.com.mx\/index.php?rest_route=%2Fwp%2Fv2%2Fcomments&post=20955"}],"version-history":[{"count":1,"href":"https:\/\/zonaroja.com.mx\/index.php?rest_route=\/wp\/v2\/posts\/20955\/revisions"}],"predecessor-version":[{"id":20956,"href":"https:\/\/zonaroja.com.mx\/index.php?rest_route=\/wp\/v2\/posts\/20955\/revisions\/20956"}],"wp:featuredmedia":[{"embeddable":true,"href":"https:\/\/zonaroja.com.mx\/index.php?rest_route=\/wp\/v2\/media\/20957"}],"wp:attachment":[{"href":"https:\/\/zonaroja.com.mx\/index.php?rest_route=%2Fwp%2Fv2%2Fmedia&parent=20955"}],"wp:term":[{"taxonomy":"category","embeddable":true,"href":"https:\/\/zonaroja.com.mx\/index.php?rest_route=%2Fwp%2Fv2%2Fcategories&post=20955"},{"taxonomy":"post_tag","embeddable":true,"href":"https:\/\/zonaroja.com.mx\/index.php?rest_route=%2Fwp%2Fv2%2Ftags&post=20955"}],"curies":[{"name":"wp","href":"https:\/\/api.w.org\/{rel}","templated":true}]}}