{"id":20958,"date":"2020-12-06T21:59:58","date_gmt":"2020-12-07T03:59:58","guid":{"rendered":"http:\/\/www.zonaroja.com.mx\/?p=20958"},"modified":"2020-12-06T22:00:03","modified_gmt":"2020-12-07T04:00:03","slug":"reitera-salud-llamado-para-quedarse-en-caso-hoy-71-casos-positivos-a-covid","status":"publish","type":"post","link":"https:\/\/zonaroja.com.mx\/?p=20958","title":{"rendered":"Reitera Salud llamado para quedarse en caso; hoy 71 casos positivos a Covid"},"content":{"rendered":"\n<p>Redacci\u00f3n\/Zona Roja.<\/p>\n\n\n\n<p>Oaxaca de Ju\u00e1rez, Oax. 6 de diciembre de 2020.- El titular de los Servicios de Salud de Oaxaca (SSO), Donato Casas Escamilla, inform\u00f3 que al corte de este 6 de diciembre, se han registrado 71 casos nuevos de Covid-19, que suman 25 mil 108 casos acumulados en la entidad.<\/p>\n\n\n\n<p>Detall\u00f3 que se han notificado 39 mil 944 casos, de los cuales 10 mil 992 ha sido negativos, tres mil 844 son sospechosos, 22 mil 469 se han recuperado, y se contabiliza un deceso, que suman mil 966 defunciones.<\/p>\n\n\n\n<p>Se\u00f1al\u00f3 que la Jurisdicci\u00f3n Sanitaria n\u00famero uno Valles Centrales contabiliza 16 mil 976 casos confirmados y 995 fallecimientos, Istmo dos mil 335 y 322 muertes, Tuxtepec mil 891 y 279 defunciones, Mixteca mil 839 y 175 p\u00e9rdidas humanas, Costa mil 284 y 125 fallecimientos, y la Sierra 783 y 70 muertes.<\/p>\n\n\n\n<p>Sostuvo que los 71 casos nuevos de Covid-19, se distribuyen en 23 municipios, siendo los que mayor n\u00famero de casos presentan: Oaxaca de Ju\u00e1rez con 34, Santa Cruz Xoxocotl\u00e1n ocho, Huajuapan de Le\u00f3n cuatro, Santa Luc\u00eda del Camino tres, el resto dos y un solo caso.<\/p>\n\n\n\n<p>Se\u00f1al\u00f3 que hay 679 casos activos, la Jurisdicci\u00f3n Sanitaria n\u00famero uno Valles Centrales registra 568, Mixteca 32, Sierra 25, Costa 21, Istmo 19 y Tuxtepec 14.<\/p>\n\n\n\n<p>Casas Escamilla dijo que en relaci\u00f3n a la ocupaci\u00f3n hospitalaria, hay un global para la atenci\u00f3n de pacientes con Covid-19 del 35.5%, de los cuales el 40.7 es sin ventilador y el 27.1% de camas con ventilador.<\/p>\n\n\n\n<p>Finalmente, dijo que durante esta \u00e9poca es fundamental quedarse en casa, no bajar la guardia ante la contingencia sanitaria por Covid-19, por lo que exhort\u00f3 a continuar con las medidas sanitarias, no celebrar festividades o reuniones, evitar aglomeraciones p\u00fablicas, aplicar sana distancia, contacta a tus amigos y familiares por tel\u00e9fono o videollamadas.<\/p>\n\n\n\n<p>\u201cEs fundamental salvaguardar la vida de las personas que m\u00e1s queremos y al personal de salud que se encuentra en la primera l\u00ednea de batalla\u201d, apunt\u00f3.<\/p>\n","protected":false},"excerpt":{"rendered":"<p>Redacci\u00f3n\/Zona Roja. Oaxaca de Ju\u00e1rez, Oax. 6 de diciembre de 2020.- El titular de los&hellip;<\/p>\n","protected":false},"author":2,"featured_media":20959,"comment_status":"closed","ping_status":"open","sticky":false,"template":"","format":"standard","meta":{"_lmt_disableupdate":"","_lmt_disable":"","_jetpack_memberships_contains_paid_content":false,"footnotes":""},"categories":[109,47],"tags":[1512],"class_list":["post-20958","post","type-post","status-publish","format-standard","has-post-thumbnail","hentry","category-minuto-a-minuto","category-zona-gris","tag-coronavirus-oaxaca"],"jetpack_featured_media_url":"https:\/\/zonaroja.com.mx\/wp-content\/uploads\/2020\/12\/GRAFICA-SSO-01.jpeg","jetpack_sharing_enabled":true,"_links":{"self":[{"href":"https:\/\/zonaroja.com.mx\/index.php?rest_route=\/wp\/v2\/posts\/20958","targetHints":{"allow":["GET"]}}],"collection":[{"href":"https:\/\/zonaroja.com.mx\/index.php?rest_route=\/wp\/v2\/posts"}],"about":[{"href":"https:\/\/zonaroja.com.mx\/index.php?rest_route=\/wp\/v2\/types\/post"}],"author":[{"embeddable":true,"href":"https:\/\/zonaroja.com.mx\/index.php?rest_route=\/wp\/v2\/users\/2"}],"replies":[{"embeddable":true,"href":"https:\/\/zonaroja.com.mx\/index.php?rest_route=%2Fwp%2Fv2%2Fcomments&post=20958"}],"version-history":[{"count":1,"href":"https:\/\/zonaroja.com.mx\/index.php?rest_route=\/wp\/v2\/posts\/20958\/revisions"}],"predecessor-version":[{"id":20960,"href":"https:\/\/zonaroja.com.mx\/index.php?rest_route=\/wp\/v2\/posts\/20958\/revisions\/20960"}],"wp:featuredmedia":[{"embeddable":true,"href":"https:\/\/zonaroja.com.mx\/index.php?rest_route=\/wp\/v2\/media\/20959"}],"wp:attachment":[{"href":"https:\/\/zonaroja.com.mx\/index.php?rest_route=%2Fwp%2Fv2%2Fmedia&parent=20958"}],"wp:term":[{"taxonomy":"category","embeddable":true,"href":"https:\/\/zonaroja.com.mx\/index.php?rest_route=%2Fwp%2Fv2%2Fcategories&post=20958"},{"taxonomy":"post_tag","embeddable":true,"href":"https:\/\/zonaroja.com.mx\/index.php?rest_route=%2Fwp%2Fv2%2Ftags&post=20958"}],"curies":[{"name":"wp","href":"https:\/\/api.w.org\/{rel}","templated":true}]}}