{"id":20964,"date":"2020-12-07T08:01:19","date_gmt":"2020-12-07T14:01:19","guid":{"rendered":"http:\/\/www.zonaroja.com.mx\/?p=20964"},"modified":"2020-12-07T08:01:28","modified_gmt":"2020-12-07T14:01:28","slug":"se-inconforma-oswaldo-garcia-jarquin-por-resolucion-del-tribunal","status":"publish","type":"post","link":"https:\/\/zonaroja.com.mx\/?p=20964","title":{"rendered":"Se inconforma Oswaldo Garc\u00eda Jarqu\u00edn por resoluci\u00f3n del Tribunal"},"content":{"rendered":"\n<p>Redacci\u00f3n\/Zona Roja.<\/p>\n\n\n\n<p>Oaxaca de Ju\u00e1rez, Oax., 7 de diciembre de 2020.- Tras el fallo del Tribunal Electoral del Estado de Oaxaca (TEEO), que determin\u00f3 que el edil de Oaxaca de Ju\u00e1rez, Oswaldo Garc\u00eda Jarqu\u00edn, cometi\u00f3 violencia de g\u00e9nero en contra de Jaquelina Escamilla Villanueva, el edil interpuso varios juicios a fin de revertir la decisi\u00f3n.<\/p>\n\n\n\n<p>Sin embargo, el m\u00e1ximo \u00f3rgano estatal comenz\u00f3 a desecharlos, como es el caso de del Juicio para la Protecci\u00f3n de los Derechos Pol\u00edtico Electorales del Ciudadano, identificado con la clave JDC\/123\/2020.<\/p>\n\n\n\n<p>En la reciente sesi\u00f3n del pleno, \u00e9ste fue considerado como improcedente para el desahogo de pruebas dentro del expediente PES\/01\/2020.<\/p>\n\n\n\n<p>\u201cEsta resoluci\u00f3n se tom\u00f3 en funci\u00f3n de que no se hab\u00eda agotado el principio de definitividad, dado que el acuerdo controvertido no causa un perjuicio real, directo e inmediato a los derechos del actor, al ser un acto procedimental que -por s\u00ed mismo- no materializ\u00f3 ninguna afectaci\u00f3n\u201d, remarc\u00f3 el \u00f3rgano.<\/p>\n\n\n\n<p>Garc\u00eda Jarqu\u00edn, militante del Partido Morena, ha recurrido tambi\u00e9n a la Sala Xalapa del Tribunal Electoral del Poder Judicial de la Federaci\u00f3n, con la finalidad de rebatir la determinaci\u00f3n del TEEO, casos que a\u00fan estudia el \u00f3rgano federal.<\/p>\n\n\n\n<p>La semana pasada el presidente municipal fue se\u00f1alado por el Tribunal Electoral del Estado de Oaxaca fue se\u00f1alado de cometer violencia pol\u00edtica en contra de Jaquelina Escamilla, a quien destituy\u00f3 del cargo sin los procedimientos correspondientes.<\/p>\n","protected":false},"excerpt":{"rendered":"<p>Redacci\u00f3n\/Zona Roja. Oaxaca de Ju\u00e1rez, Oax., 7 de diciembre de 2020.- Tras el fallo del&hellip;<\/p>\n","protected":false},"author":2,"featured_media":13575,"comment_status":"closed","ping_status":"open","sticky":false,"template":"","format":"standard","meta":{"_lmt_disableupdate":"","_lmt_disable":"","_jetpack_memberships_contains_paid_content":false,"footnotes":""},"categories":[109,47],"tags":[115],"class_list":["post-20964","post","type-post","status-publish","format-standard","has-post-thumbnail","hentry","category-minuto-a-minuto","category-zona-gris","tag-oswaldo-garcia-jarquin"],"jetpack_featured_media_url":"https:\/\/zonaroja.com.mx\/wp-content\/uploads\/2020\/06\/Oswaldo-Garc\u00eda-Jarqu\u00edn.jpg","jetpack_sharing_enabled":true,"_links":{"self":[{"href":"https:\/\/zonaroja.com.mx\/index.php?rest_route=\/wp\/v2\/posts\/20964","targetHints":{"allow":["GET"]}}],"collection":[{"href":"https:\/\/zonaroja.com.mx\/index.php?rest_route=\/wp\/v2\/posts"}],"about":[{"href":"https:\/\/zonaroja.com.mx\/index.php?rest_route=\/wp\/v2\/types\/post"}],"author":[{"embeddable":true,"href":"https:\/\/zonaroja.com.mx\/index.php?rest_route=\/wp\/v2\/users\/2"}],"replies":[{"embeddable":true,"href":"https:\/\/zonaroja.com.mx\/index.php?rest_route=%2Fwp%2Fv2%2Fcomments&post=20964"}],"version-history":[{"count":1,"href":"https:\/\/zonaroja.com.mx\/index.php?rest_route=\/wp\/v2\/posts\/20964\/revisions"}],"predecessor-version":[{"id":20965,"href":"https:\/\/zonaroja.com.mx\/index.php?rest_route=\/wp\/v2\/posts\/20964\/revisions\/20965"}],"wp:featuredmedia":[{"embeddable":true,"href":"https:\/\/zonaroja.com.mx\/index.php?rest_route=\/wp\/v2\/media\/13575"}],"wp:attachment":[{"href":"https:\/\/zonaroja.com.mx\/index.php?rest_route=%2Fwp%2Fv2%2Fmedia&parent=20964"}],"wp:term":[{"taxonomy":"category","embeddable":true,"href":"https:\/\/zonaroja.com.mx\/index.php?rest_route=%2Fwp%2Fv2%2Fcategories&post=20964"},{"taxonomy":"post_tag","embeddable":true,"href":"https:\/\/zonaroja.com.mx\/index.php?rest_route=%2Fwp%2Fv2%2Ftags&post=20964"}],"curies":[{"name":"wp","href":"https:\/\/api.w.org\/{rel}","templated":true}]}}