{"id":20966,"date":"2020-12-07T08:09:37","date_gmt":"2020-12-07T14:09:37","guid":{"rendered":"http:\/\/www.zonaroja.com.mx\/?p=20966"},"modified":"2020-12-07T08:09:42","modified_gmt":"2020-12-07T14:09:42","slug":"ejecutan-a-un-individuo-en-el-interior-de-un-vehiculo-en-ciudad-ixtepec","status":"publish","type":"post","link":"https:\/\/zonaroja.com.mx\/?p=20966","title":{"rendered":"Ejecutan a un individuo en el interior de un veh\u00edculo en Ciudad Ixtepec"},"content":{"rendered":"\n<p>Redacci\u00f3n\/Zona Roja.<\/p>\n\n\n\n<p>Oaxaca de Ju\u00e1rez, Oax., 7 de diciembre de 2020.- Una persona del sexo masculino fue ejecutada anoche en el interior de una unidad de motor, en Ciudad Ixtepec, municipio de la regi\u00f3n del Istmo de Tehuantepec, Oaxaca.<\/p>\n\n\n\n<p>Fue en la calle Antonio de Le\u00f3n esquina con San Pedro, de la colonia La Moderna, en que polic\u00edas municipales localizaron un coche tipo Tsuru, marca Nissan, color blanco y sin placas de circulaci\u00f3n, en cuyo interior se hall\u00f3 una persona muerta.<\/p>\n\n\n\n<p>El cuerpo presentaba disparos de arma de fuego, por lo cual se dio intervenci\u00f3n a la Agencia Estatal de Investigaciones de la Vicefiscal\u00eda Regional del Istmo, que inici\u00f3 la Carpeta de Investigaci\u00f3n correspondiente.<\/p>\n\n\n\n<p>Hasta esta ma\u00f1ana, la persona se encuentra como desconocida y a\u00fan no hay indicios del o los probables autores del homicidio.<\/p>\n","protected":false},"excerpt":{"rendered":"<p>Redacci\u00f3n\/Zona Roja. Oaxaca de Ju\u00e1rez, Oax., 7 de diciembre de 2020.- Una persona del sexo&hellip;<\/p>\n","protected":false},"author":2,"featured_media":20967,"comment_status":"closed","ping_status":"open","sticky":false,"template":"","format":"standard","meta":{"_lmt_disableupdate":"","_lmt_disable":"","_jetpack_memberships_contains_paid_content":false,"footnotes":""},"categories":[109,51],"tags":[703],"class_list":["post-20966","post","type-post","status-publish","format-standard","has-post-thumbnail","hentry","category-minuto-a-minuto","category-zona-roja","tag-ciudad-ixtepec"],"jetpack_featured_media_url":"https:\/\/zonaroja.com.mx\/wp-content\/uploads\/2020\/12\/Ejecutado-Ixtepec.jpg","jetpack_sharing_enabled":true,"_links":{"self":[{"href":"https:\/\/zonaroja.com.mx\/index.php?rest_route=\/wp\/v2\/posts\/20966","targetHints":{"allow":["GET"]}}],"collection":[{"href":"https:\/\/zonaroja.com.mx\/index.php?rest_route=\/wp\/v2\/posts"}],"about":[{"href":"https:\/\/zonaroja.com.mx\/index.php?rest_route=\/wp\/v2\/types\/post"}],"author":[{"embeddable":true,"href":"https:\/\/zonaroja.com.mx\/index.php?rest_route=\/wp\/v2\/users\/2"}],"replies":[{"embeddable":true,"href":"https:\/\/zonaroja.com.mx\/index.php?rest_route=%2Fwp%2Fv2%2Fcomments&post=20966"}],"version-history":[{"count":1,"href":"https:\/\/zonaroja.com.mx\/index.php?rest_route=\/wp\/v2\/posts\/20966\/revisions"}],"predecessor-version":[{"id":20968,"href":"https:\/\/zonaroja.com.mx\/index.php?rest_route=\/wp\/v2\/posts\/20966\/revisions\/20968"}],"wp:featuredmedia":[{"embeddable":true,"href":"https:\/\/zonaroja.com.mx\/index.php?rest_route=\/wp\/v2\/media\/20967"}],"wp:attachment":[{"href":"https:\/\/zonaroja.com.mx\/index.php?rest_route=%2Fwp%2Fv2%2Fmedia&parent=20966"}],"wp:term":[{"taxonomy":"category","embeddable":true,"href":"https:\/\/zonaroja.com.mx\/index.php?rest_route=%2Fwp%2Fv2%2Fcategories&post=20966"},{"taxonomy":"post_tag","embeddable":true,"href":"https:\/\/zonaroja.com.mx\/index.php?rest_route=%2Fwp%2Fv2%2Ftags&post=20966"}],"curies":[{"name":"wp","href":"https:\/\/api.w.org\/{rel}","templated":true}]}}