{"id":20972,"date":"2020-12-07T08:20:18","date_gmt":"2020-12-07T14:20:18","guid":{"rendered":"http:\/\/www.zonaroja.com.mx\/?p=20972"},"modified":"2020-12-07T08:20:22","modified_gmt":"2020-12-07T14:20:22","slug":"istmo-oaxaqueno-zona-de-alto-riesgo-para-las-mujeres","status":"publish","type":"post","link":"https:\/\/zonaroja.com.mx\/?p=20972","title":{"rendered":"Istmo oaxaque\u00f1o, zona de alto riesgo para las mujeres"},"content":{"rendered":"\n<p>Evlin Arag\u00f3n\/Zona Roja.<\/p>\n\n\n\n<p>Oaxaca de Ju\u00e1rez, Oax., 7 de diciembre de 2020.- Aunque la violencia est\u00e1 generalizada a nivel nacional, organizaciones de la sociedad civil han denunciado que, en Oaxaca, es el Istmo de Tehuantepec la regi\u00f3n m\u00e1s riesgosa para las mujeres.&nbsp;<\/p>\n\n\n\n<p>Lo anterior debido a que la zona se ha convertido en una frontera sur-sureste donde se mezcla factores como la pobreza, marginaci\u00f3n y migraci\u00f3n que hacen que las condiciones de vida se compliquen para las mujeres, al grado de impedir que se garanticen sus derechos humanos.&nbsp;<\/p>\n\n\n\n<p>As\u00ed lo dio a conocer Rogelia Gonz\u00e1lez Luis, activista y representantes del Grupo de Mujeres \u00ab8 de Marzo\u00bb, quien detall\u00f3 que la presencia del crimen, narcotr\u00e1fico y delincuencia organizada, aunada a la falta de seguridad, han contribuido en el incremento de la violencia en general y de forma particular en contra de las mujeres como se puede ver en el incremento de desapariciones y feminicidios.&nbsp;<\/p>\n\n\n\n<p>\u201cCreo que la violencia se est\u00e1 incrementando, los feminicidios est\u00e1n al alza, por eso nos estamos solidarizando para exigir que esto se detenga y exista justicia\u201d, refiri\u00f3 en entrevista con ZONA ROJA.&nbsp;<\/p>\n\n\n\n<p>La activista coincidi\u00f3 en que la pandemia por Covid-19 ha significado un incremento en la violencia que tiene un impacto negativo en las familias y particularmente en las mujeres, por lo que dijo ha sido necesario salir a las calles a hacer visible la problem\u00e1tica.<\/p>\n\n\n\n<p>Y aunque reconoci\u00f3 que existe la apertura de algunas instituciones para dar atenci\u00f3n puntual de casos, esto sucede s\u00f3lo con el acompa\u00f1amiento de las organizaciones de la sociedad civil que de alguna forma conocen la ruta que deben seguir las v\u00edctimas en su proceso para obtener justicia.<\/p>\n\n\n\n<p>Tambi\u00e9n critic\u00f3 que a nivel federal hacen falta pol\u00edticas p\u00fablicas que atiendan la problem\u00e1tica, por el contrario, se est\u00e1n reduciendo cada vez m\u00e1s los presupuestos destinados a prevenir, atender, sancionar y erradicar la violencia de g\u00e9nero.&nbsp;<\/p>\n\n\n\n<p>Por lo anterior dijo, es indispensable seguir articulando acciones desde la sociedad civil que obliguen a las autoridades a atender a las personas que sufren alg\u00fan tipo de delito.&nbsp;<\/p>\n\n\n\n<p>\u201cSigamos articulando acciones para que se favorezca las necesidades de las personas que sufren alg\u00fan delito: que son acosadas, amenazadas, asaltadas, incluso levantadas. Todas estas situaciones deben llegar necesariamente a las instituciones para que sean atendidas\u201d, sentenci\u00f3.&nbsp;<\/p>\n","protected":false},"excerpt":{"rendered":"<p>Evlin Arag\u00f3n\/Zona Roja. Oaxaca de Ju\u00e1rez, Oax., 7 de diciembre de 2020.- Aunque la violencia&hellip;<\/p>\n","protected":false},"author":2,"featured_media":20973,"comment_status":"closed","ping_status":"open","sticky":false,"template":"","format":"standard","meta":{"_lmt_disableupdate":"","_lmt_disable":"","_jetpack_memberships_contains_paid_content":false,"footnotes":""},"categories":[109,47],"tags":[2282],"class_list":["post-20972","post","type-post","status-publish","format-standard","has-post-thumbnail","hentry","category-minuto-a-minuto","category-zona-gris","tag-rogelia-gonzalez-luis"],"jetpack_featured_media_url":"https:\/\/zonaroja.com.mx\/wp-content\/uploads\/2020\/12\/Rogelia-Gonzalez-Luis.jpg","jetpack_sharing_enabled":true,"_links":{"self":[{"href":"https:\/\/zonaroja.com.mx\/index.php?rest_route=\/wp\/v2\/posts\/20972","targetHints":{"allow":["GET"]}}],"collection":[{"href":"https:\/\/zonaroja.com.mx\/index.php?rest_route=\/wp\/v2\/posts"}],"about":[{"href":"https:\/\/zonaroja.com.mx\/index.php?rest_route=\/wp\/v2\/types\/post"}],"author":[{"embeddable":true,"href":"https:\/\/zonaroja.com.mx\/index.php?rest_route=\/wp\/v2\/users\/2"}],"replies":[{"embeddable":true,"href":"https:\/\/zonaroja.com.mx\/index.php?rest_route=%2Fwp%2Fv2%2Fcomments&post=20972"}],"version-history":[{"count":1,"href":"https:\/\/zonaroja.com.mx\/index.php?rest_route=\/wp\/v2\/posts\/20972\/revisions"}],"predecessor-version":[{"id":20974,"href":"https:\/\/zonaroja.com.mx\/index.php?rest_route=\/wp\/v2\/posts\/20972\/revisions\/20974"}],"wp:featuredmedia":[{"embeddable":true,"href":"https:\/\/zonaroja.com.mx\/index.php?rest_route=\/wp\/v2\/media\/20973"}],"wp:attachment":[{"href":"https:\/\/zonaroja.com.mx\/index.php?rest_route=%2Fwp%2Fv2%2Fmedia&parent=20972"}],"wp:term":[{"taxonomy":"category","embeddable":true,"href":"https:\/\/zonaroja.com.mx\/index.php?rest_route=%2Fwp%2Fv2%2Fcategories&post=20972"},{"taxonomy":"post_tag","embeddable":true,"href":"https:\/\/zonaroja.com.mx\/index.php?rest_route=%2Fwp%2Fv2%2Ftags&post=20972"}],"curies":[{"name":"wp","href":"https:\/\/api.w.org\/{rel}","templated":true}]}}