{"id":20978,"date":"2020-12-07T15:43:34","date_gmt":"2020-12-07T21:43:34","guid":{"rendered":"http:\/\/www.zonaroja.com.mx\/?p=20978"},"modified":"2020-12-07T15:43:37","modified_gmt":"2020-12-07T21:43:37","slug":"inseguridad-la-otra-pandemia-en-capital-de-oaxaca-hoy-otro-cuantioso-asalto","status":"publish","type":"post","link":"https:\/\/zonaroja.com.mx\/?p=20978","title":{"rendered":"Inseguridad, la otra pandemia en capital de Oaxaca; hoy, otro cuantioso asalto"},"content":{"rendered":"\n<p>Redacci\u00f3n\/Zona Roja.<\/p>\n\n\n\n<p>Oaxaca de Ju\u00e1rez, Oax., 7 de diciembre de 2020.- Con arma de fuego y realizando disparos, este lunes se perpetr\u00f3 otro asalto a un cuentahabiente en la v\u00eda p\u00fablica de la capital  de Oaxaca, con bot\u00edn superior a los 50 mil pesos.<\/p>\n\n\n\n<p>En las \u00faltimas semanas y en medio la contingencia por Covid-19, los actos delictivos se han incrementado ante las nulas acciones de seguridad por parte de la Polic\u00eda Municipal de Oaxaca de Ju\u00e1rez.<\/p>\n\n\n\n<p>El reporte preliminar indic\u00f3 que el hecho delictivo se registr\u00f3 minutos antes de las 13:30 horas en el estacionamiento de una tienda de conveniencia, ubicada en la esquina de las calles de Almendros y Heroico Colegio Militar, al norte de la ciudad.<\/p>\n\n\n\n<p>La v\u00edctima, un joven var\u00f3n, declar\u00f3 de forma p\u00fablica que los asaltantes le indicaron que le hab\u00edan montado un \u201ccuatro\u201d, y amagando con el arma de fuego, le arrebataron 52 mil pesos, aproximadamente, que reci\u00e9n hab\u00eda retirado de una sucursal bancaria en Plaza Mazari, ubicada en esa misma colonia Reforma de la ciudad.<\/p>\n\n\n\n<figure class=\"wp-block-embed-twitter wp-block-embed is-type-rich is-provider-twitter\"><div class=\"wp-block-embed__wrapper\">\n<div class=\"twitter-tweet\"><blockquote class=\"twitter-tweet\" data-lang=\"es\"><p lang=\"es\" dir=\"ltr\"><a href=\"https:\/\/twitter.com\/hashtag\/%C3%9AltimoMinuto?src=hash&amp;ref_src=twsrc%5Etfw\">#\u00daltimoMinuto<\/a> <br>No cesan los hechos violentos en Oaxaca capital,ante la nula vigilancia por parte del <a href=\"https:\/\/twitter.com\/MunicipioOaxaca?ref_src=twsrc%5Etfw\">@MunicipioOaxaca<\/a> que preside <a href=\"https:\/\/twitter.com\/oswaldogarciaj?ref_src=twsrc%5Etfw\">@oswaldogarciaj<\/a>.<br>Este d\u00eda se registr\u00f3 un asalto armado contra un cuentahabiente, en la colonia Reforma, zona comercial y residencial;no hay detenidos. <a href=\"https:\/\/t.co\/RSsmfbvwHx\">pic.twitter.com\/RSsmfbvwHx<\/a><\/p>&mdash; Zona Roja Oaxaca (@MexRoja) <a href=\"https:\/\/twitter.com\/MexRoja\/status\/1336040498633580550?ref_src=twsrc%5Etfw\">7 de diciembre de 2020<\/a><\/blockquote><\/div>\n<\/div><\/figure>\n\n\n\n<p>Ante el hecho se report\u00f3 una persona lesionada, presuntamente un delincuente, mientras que en el lugar quedaron los casquillos percutidos de las armas de fuego y una motoneta que al parecer abandonaron los asaltantes. La zona fue asegurada por elementos policiales para tomar conocimiento del hecho.<\/p>\n\n\n\n<p>Desde hace varias semanas, los asaltos a transe\u00fantes y negocios se incrementaron en la capital; varios de estos perpetrados con armas de fuego y evidenciados ante c\u00e1maras de video vigilancia privados, sin embargo, las autoridades locales o de la Fiscal\u00eda General del Estado no han reportado sobre la detenci\u00f3n de los delincuentes.<\/p>\n","protected":false},"excerpt":{"rendered":"<p>Redacci\u00f3n\/Zona Roja. Oaxaca de Ju\u00e1rez, Oax., 7 de diciembre de 2020.- Con arma de fuego&hellip;<\/p>\n","protected":false},"author":2,"featured_media":20979,"comment_status":"closed","ping_status":"open","sticky":false,"template":"","format":"standard","meta":{"_lmt_disableupdate":"","_lmt_disable":"","_jetpack_memberships_contains_paid_content":false,"footnotes":""},"categories":[109,51],"tags":[148],"class_list":["post-20978","post","type-post","status-publish","format-standard","has-post-thumbnail","hentry","category-minuto-a-minuto","category-zona-roja","tag-oaxaca-de-juarez"],"jetpack_featured_media_url":"https:\/\/zonaroja.com.mx\/wp-content\/uploads\/2020\/12\/Asalto-ciudad-de-Oaxaca.jpg","jetpack_sharing_enabled":true,"_links":{"self":[{"href":"https:\/\/zonaroja.com.mx\/index.php?rest_route=\/wp\/v2\/posts\/20978","targetHints":{"allow":["GET"]}}],"collection":[{"href":"https:\/\/zonaroja.com.mx\/index.php?rest_route=\/wp\/v2\/posts"}],"about":[{"href":"https:\/\/zonaroja.com.mx\/index.php?rest_route=\/wp\/v2\/types\/post"}],"author":[{"embeddable":true,"href":"https:\/\/zonaroja.com.mx\/index.php?rest_route=\/wp\/v2\/users\/2"}],"replies":[{"embeddable":true,"href":"https:\/\/zonaroja.com.mx\/index.php?rest_route=%2Fwp%2Fv2%2Fcomments&post=20978"}],"version-history":[{"count":1,"href":"https:\/\/zonaroja.com.mx\/index.php?rest_route=\/wp\/v2\/posts\/20978\/revisions"}],"predecessor-version":[{"id":20980,"href":"https:\/\/zonaroja.com.mx\/index.php?rest_route=\/wp\/v2\/posts\/20978\/revisions\/20980"}],"wp:featuredmedia":[{"embeddable":true,"href":"https:\/\/zonaroja.com.mx\/index.php?rest_route=\/wp\/v2\/media\/20979"}],"wp:attachment":[{"href":"https:\/\/zonaroja.com.mx\/index.php?rest_route=%2Fwp%2Fv2%2Fmedia&parent=20978"}],"wp:term":[{"taxonomy":"category","embeddable":true,"href":"https:\/\/zonaroja.com.mx\/index.php?rest_route=%2Fwp%2Fv2%2Fcategories&post=20978"},{"taxonomy":"post_tag","embeddable":true,"href":"https:\/\/zonaroja.com.mx\/index.php?rest_route=%2Fwp%2Fv2%2Ftags&post=20978"}],"curies":[{"name":"wp","href":"https:\/\/api.w.org\/{rel}","templated":true}]}}