{"id":20981,"date":"2020-12-07T18:07:30","date_gmt":"2020-12-08T00:07:30","guid":{"rendered":"http:\/\/www.zonaroja.com.mx\/?p=20981"},"modified":"2020-12-07T18:07:35","modified_gmt":"2020-12-08T00:07:35","slug":"aprovecha-pri-division-de-morena-en-congreso-para-imponer-mesa-directiva","status":"publish","type":"post","link":"https:\/\/zonaroja.com.mx\/?p=20981","title":{"rendered":"Aprovecha PRI divisi\u00f3n de Morena en Congreso para imponer Mesa Directiva"},"content":{"rendered":"\n<p>Yuridiana Sosa\/Zona Roja.<\/p>\n\n\n\n<p>Oaxaca de Ju\u00e1rez, Oax., 7 de diciembre de 2020.- Con la asistencia de s\u00f3lo dos diputados de la 64 Legislatura de Oaxaca, la sesi\u00f3n de Congreso del Estado programada para este lunes, fue suspendida.<\/p>\n\n\n\n<p>Ello debido a la falta de acuerdos entre integrantes de la Junta de Coordinaci\u00f3n Pol\u00edtica para definir a los integrantes de la Mesa Directiva, principalmente a su presidente.<\/p>\n\n\n\n<p>La sesi\u00f3n anunciada para este 7 de diciembre, a las 13:00 horas, pero iniciada casi una hora despu\u00e9s, correspond\u00eda a la reanudaci\u00f3n de la asamblea ordinaria del pasado 2 de diciembre, de la que se declar\u00f3 un receso ante la falta de acuerdos para la integraci\u00f3n del referido \u00f3rgano.<\/p>\n\n\n\n<p>Pero este inicio de semana se registr\u00f3 la misma situaci\u00f3n y a la sesi\u00f3n \u00fanicamente asisti\u00f3 la diputada Lilia Mendoza y Jorge Villaca\u00f1a, actual presidente de la Mesa Directiva, quien declar\u00f3 la inexistencia de qu\u00f3rum para continuar con la sesi\u00f3n y desahogar los puntos pendientes.<\/p>\n\n\n\n<figure class=\"wp-block-embed-twitter wp-block-embed is-type-rich is-provider-twitter\"><div class=\"wp-block-embed__wrapper\">\n<div class=\"twitter-tweet\"><blockquote class=\"twitter-tweet\" data-lang=\"es\"><p lang=\"es\" dir=\"ltr\"><a href=\"https:\/\/twitter.com\/hashtag\/%C3%9AltimoMinuto?src=hash&amp;ref_src=twsrc%5Etfw\">#\u00daltimoMinuto<\/a> <br>Por en\u00e9sima ocasi\u00f3n, no hubo acuerdo en la Junta de Coordinaci\u00f3n Pol\u00edtica del <a href=\"https:\/\/twitter.com\/CongresoOaxLXIV?ref_src=twsrc%5Etfw\">@CongresoOaxLXIV<\/a> para elegir Mesa Directiva; el diputado <a href=\"https:\/\/twitter.com\/JorgeVillacana?ref_src=twsrc%5Etfw\">@JorgeVillacana<\/a> anuncia que se pospone la reanudaci\u00f3n de la sesi\u00f3n hasta el pr\u00f3ximo mi\u00e9rcoles. <a href=\"https:\/\/t.co\/j2VtiELEPO\">pic.twitter.com\/j2VtiELEPO<\/a><\/p>&mdash; Zona Roja Oaxaca (@MexRoja) <a href=\"https:\/\/twitter.com\/MexRoja\/status\/1336037595671908352?ref_src=twsrc%5Etfw\">7 de diciembre de 2020<\/a><\/blockquote><\/div>\n<\/div><\/figure>\n\n\n\n<p>La nueva cita qued\u00f3 programada hasta el pr\u00f3ximo mi\u00e9rcoles 9 de diciembre a las 11:00 horas.<\/p>\n\n\n\n<p>Desde el pasado 15 de noviembre, la Junta de Coordinaci\u00f3n Pol\u00edtica del Congreso del Estado debi\u00f3 nombrar a los nuevos integrantes de la Mesa Directiva, pero aunque presuntamente se hablaba de acuerdo para esa fecha, hay resistencias para que la encabece el diputado del Partido del Trabajo, C\u00e9sar Morales Ni\u00f1o.<\/p>\n\n\n\n<p>Esta semana, seg\u00fan revelaron fuentes al interior del Congreso, a pesar de ser una de las minor\u00edas, el PRI maniobra en varios frentes, aprovechando la divisi\u00f3n en la fracci\u00f3n parlamentaria de Morena.<\/p>\n\n\n\n<p>Con un grupo mayoritario, habr\u00eda pactado que la Mesa la presida Arsenio Mej\u00eda, del Partido Encuentro Social; con el otro grupo de los 10 morenistas, acord\u00f3 que la encabezar\u00edan Mauro Cruz como presidente y Arcelia L\u00f3pez como vicepresidenta.<\/p>\n\n\n\n<p>Una tercera v\u00eda que imponen los priistas encabezados por Alejandro Avil\u00e9s \u00c1lvarez, plantea dejar por segundo a\u00f1o como presidente de ese \u00f3rgano, a Jorge Villaca\u00f1a Jim\u00e9nez.<\/p>\n","protected":false},"excerpt":{"rendered":"<p>Yuridiana Sosa\/Zona Roja. Oaxaca de Ju\u00e1rez, Oax., 7 de diciembre de 2020.- Con la asistencia&hellip;<\/p>\n","protected":false},"author":2,"featured_media":20982,"comment_status":"closed","ping_status":"open","sticky":false,"template":"","format":"standard","meta":{"_lmt_disableupdate":"","_lmt_disable":"","_jetpack_memberships_contains_paid_content":false,"footnotes":""},"categories":[109,47],"tags":[213],"class_list":["post-20981","post","type-post","status-publish","format-standard","has-post-thumbnail","hentry","category-minuto-a-minuto","category-zona-gris","tag-64-legislatura-de-oaxaca"],"jetpack_featured_media_url":"https:\/\/zonaroja.com.mx\/wp-content\/uploads\/2020\/12\/Congreso-del-Estado-2.jpg","jetpack_sharing_enabled":true,"_links":{"self":[{"href":"https:\/\/zonaroja.com.mx\/index.php?rest_route=\/wp\/v2\/posts\/20981","targetHints":{"allow":["GET"]}}],"collection":[{"href":"https:\/\/zonaroja.com.mx\/index.php?rest_route=\/wp\/v2\/posts"}],"about":[{"href":"https:\/\/zonaroja.com.mx\/index.php?rest_route=\/wp\/v2\/types\/post"}],"author":[{"embeddable":true,"href":"https:\/\/zonaroja.com.mx\/index.php?rest_route=\/wp\/v2\/users\/2"}],"replies":[{"embeddable":true,"href":"https:\/\/zonaroja.com.mx\/index.php?rest_route=%2Fwp%2Fv2%2Fcomments&post=20981"}],"version-history":[{"count":1,"href":"https:\/\/zonaroja.com.mx\/index.php?rest_route=\/wp\/v2\/posts\/20981\/revisions"}],"predecessor-version":[{"id":20983,"href":"https:\/\/zonaroja.com.mx\/index.php?rest_route=\/wp\/v2\/posts\/20981\/revisions\/20983"}],"wp:featuredmedia":[{"embeddable":true,"href":"https:\/\/zonaroja.com.mx\/index.php?rest_route=\/wp\/v2\/media\/20982"}],"wp:attachment":[{"href":"https:\/\/zonaroja.com.mx\/index.php?rest_route=%2Fwp%2Fv2%2Fmedia&parent=20981"}],"wp:term":[{"taxonomy":"category","embeddable":true,"href":"https:\/\/zonaroja.com.mx\/index.php?rest_route=%2Fwp%2Fv2%2Fcategories&post=20981"},{"taxonomy":"post_tag","embeddable":true,"href":"https:\/\/zonaroja.com.mx\/index.php?rest_route=%2Fwp%2Fv2%2Ftags&post=20981"}],"curies":[{"name":"wp","href":"https:\/\/api.w.org\/{rel}","templated":true}]}}