{"id":20984,"date":"2020-12-07T19:36:24","date_gmt":"2020-12-08T01:36:24","guid":{"rendered":"http:\/\/www.zonaroja.com.mx\/?p=20984"},"modified":"2020-12-07T19:36:29","modified_gmt":"2020-12-08T01:36:29","slug":"oaxaca-un-caos-de-ingobernabilidad-por-bloqueos-y-protestas","status":"publish","type":"post","link":"https:\/\/zonaroja.com.mx\/?p=20984","title":{"rendered":"Oaxaca, un caos de ingobernabilidad, por bloqueos y protestas"},"content":{"rendered":"\n<p>Evlin Arag\u00f3n\/Zona Roja.<\/p>\n\n\n\n<p>Oaxaca de Ju\u00e1rez, Oax., 7 de diciembre de 2020.- La nula operaci\u00f3n pol\u00edtica por parte de la Secretar\u00eda General de Gobierno gener\u00f3 este lunes en Oaxaca una en\u00e9sima jornada de intensas movilizaciones y protestas.<\/p>\n\n\n\n<p>Como ya se ha hecho costumbre, este lunes comenz\u00f3 con protestas por parte de diferentes sectores sociales, que exigen atenci\u00f3n de las autoridades estatales, encabezadas por Alejandro Murat Hinojosa.<\/p>\n\n\n\n<p>TRIQUIS MENOSPRECIADOS<\/p>\n\n\n\n<p>Los primeros en arribar a las afueras de Casa Oficial fueron habitantes de las comunidades de La Sabana, Tierra Blanca, Llano de Ju\u00e1rez y Yutuzan\u00ed, todas pertenecientes al municipio de Santiago Juxtlahuaca, quienes denunciaron la negligencia por parte del gobierno para atender la problem\u00e1tica que se vive en la poblaci\u00f3n desde el 2018.<\/p>\n\n\n\n<p>As\u00ed lo expresaron esta ma\u00f1ana, a la par que denunciaron que el edil de Santiago Juxtlahuaca, Nicol\u00e1s Feria Romero, ha falsificado cualquier cantidad de documentos para impedir la entrega de los recursos de los ramos 28 y 33 a las comunidades solicitantes.\u00a0<\/p>\n\n\n\n<figure class=\"wp-block-embed-twitter wp-block-embed is-type-rich is-provider-twitter\"><div class=\"wp-block-embed__wrapper\">\n<div class=\"twitter-tweet\"><blockquote class=\"twitter-tweet\" data-lang=\"es\"><p lang=\"es\" dir=\"ltr\"><a href=\"https:\/\/twitter.com\/hashtag\/ENVIVO?src=hash&amp;ref_src=twsrc%5Etfw\">#ENVIVO<\/a><br>Oaxaca de Ju\u00e1rez, Oax., 7 de diciembre de 2020. Protesta de comunidades ind\u00edgenas de Santiago Juxtlahuaca, que exigen al edil entrega de recursos presupuestales. <br><br>Aqu\u00ed la transmisi\u00f3n:<br>\ud83d\udc47<a href=\"https:\/\/t.co\/fwfXZWbYl0\">https:\/\/t.co\/fwfXZWbYl0<\/a> <a href=\"https:\/\/t.co\/mlR69TahwL\">pic.twitter.com\/mlR69TahwL<\/a><\/p>&mdash; Zona Roja Oaxaca (@MexRoja) <a href=\"https:\/\/twitter.com\/MexRoja\/status\/1335977492729843712?ref_src=twsrc%5Etfw\">7 de diciembre de 2020<\/a><\/blockquote><\/div>\n<\/div><\/figure>\n\n\n\n<p>De lo anterior ya tienen conocimiento las autoridades, sin embargo, no han tenido la capacidad de resolver la problem\u00e1tica, raz\u00f3n por la que iniciaron un plant\u00f3n indefinido en el lugar, como parte de las decisiones tomadas en Asamblea este fin de semana.&nbsp;<\/p>\n\n\n\n<p>\u201cNo estamos aqu\u00ed por gusto, estamos aqu\u00ed exigiendo que se le entregue el recurso a nuestras comunidades. El presidente municipal tiene aspiraciones pol\u00edticas, pero no es capaz de cumplir con sus obligaciones m\u00ednimas en la poblaci\u00f3n, queremos que todos se enteren de eso\u201d, se\u00f1alaron.&nbsp;<\/p>\n\n\n\n<p>TAMBI\u00c9N SINDICALIZADOS<\/p>\n\n\n\n<p>En el transcurso del d\u00eda tambi\u00e9n se desarroll\u00f3 la protesta por parte del personal del Sindicato \u00danico de Trabajadores del Instituto de Estudios de Bachillerato del Estado de Oaxaca (Sutiebo), quienes bloquearon lo acceso 1 y 2 de Ciudad Judicial, as\u00ed como cerraron las instalaciones de la dependencia para exigir el pago inmediato del retroactivo 2020, aumento salarial y la revisi\u00f3n a su Contrato Colectivo de Trabajo.\u00a0<\/p>\n\n\n\n<figure class=\"wp-block-embed-twitter wp-block-embed is-type-rich is-provider-twitter\"><div class=\"wp-block-embed__wrapper\">\n<div class=\"twitter-tweet\"><blockquote class=\"twitter-tweet\" data-lang=\"es\"><p lang=\"es\" dir=\"ltr\"><a href=\"https:\/\/twitter.com\/hashtag\/ENVIVO?src=hash&amp;ref_src=twsrc%5Etfw\">#ENVIVO<\/a> <br>Oaxaca de Ju\u00e1rez, Oax., 7 de diciembre de 2020. &#8211; Protesta de sindicalizados de del <a href=\"https:\/\/twitter.com\/IEBO_GobOax?ref_src=twsrc%5Etfw\">@IEBO_GobOax<\/a>, que exigen el pago de sus prestaciones atrasadas y renuncia del director Alejandro Aroche. <br><br>Aqu\u00ed la transmisi\u00f3n \ud83d\udc47<a href=\"https:\/\/t.co\/WSqQimdRjV\">https:\/\/t.co\/WSqQimdRjV<\/a> <a href=\"https:\/\/t.co\/NJzchnQg6c\">pic.twitter.com\/NJzchnQg6c<\/a><\/p>&mdash; Zona Roja Oaxaca (@MexRoja) <a href=\"https:\/\/twitter.com\/MexRoja\/status\/1335978931132887045?ref_src=twsrc%5Etfw\">7 de diciembre de 2020<\/a><\/blockquote><\/div>\n<\/div><\/figure>\n\n\n\n<p>Su manifestaci\u00f3n incluy\u00f3 el bloqueo de la avenida Universidad, situaci\u00f3n que complic\u00f3 la circulaci\u00f3n vial de la zona sur de la ciudad, adem\u00e1s de anunciar bloqueos al interior del estado debido a la falta de cumplimiento y violaci\u00f3n a su contrato.<\/p>\n\n\n\n<p>\u201cNo m\u00e1s violaciones a nuestro contrato\u201d, Alejandro Aroche cumple tus compromisos\u201d, \u201cExigimos pago del Retroactivo Sierra Norte\u201d, Arriba el SUTIEBO\u201d, fueron parte de las pancartas con las que cerraron la vialidad.&nbsp;<\/p>\n\n\n\n<p>De acuerdo con los reportes regionales, el personal sindicalizado del IEBO bloque\u00f3 el Canal 33 de Juchit\u00e1n; en la Mixteca, ciudad Administrativa; Papaloapan Oriente, las oficinas de Finanzas de Tuxtepec y en Papaloapan Poniente las oficinas de Administraci\u00f3n Regional en Cosolapa.<\/p>\n\n\n\n<p>Mientras que en la Costa, instalaron un ret\u00e9n en Pinotepa Nacional y la carretera internacional 200 a la altura de Bachoco en Puerto Escondido.<\/p>\n\n\n\n<p>HASTA LOS DEL VERDE<\/p>\n\n\n\n<figure class=\"wp-block-embed-twitter wp-block-embed is-type-rich is-provider-twitter\"><div class=\"wp-block-embed__wrapper\">\n<div class=\"twitter-tweet\"><blockquote class=\"twitter-tweet\" data-lang=\"es\"><p lang=\"es\" dir=\"ltr\"><a href=\"https:\/\/twitter.com\/hashtag\/ENVIVO?src=hash&amp;ref_src=twsrc%5Etfw\">#ENVIVO<\/a> <br>Oaxaca de Ju\u00e1rez, Oax., 7 de diciembre de 2020.-Protesta en las oficinas del senador <a href=\"https:\/\/twitter.com\/RaulBCCue?ref_src=twsrc%5Etfw\">@RaulBCCue<\/a> y del Partido Verde Ecologista de M\u00e9xico;colonos de la capital denuncian incumplimientos por parte del dirigente Jos\u00e9 Estefan. <br>Aqu\u00ed la transmisi\u00f3n:<br>\ud83d\udc47<a href=\"https:\/\/t.co\/mkMhdOu3cT\">https:\/\/t.co\/mkMhdOu3cT<\/a> <a href=\"https:\/\/t.co\/7L97hoimZZ\">pic.twitter.com\/7L97hoimZZ<\/a><\/p>&mdash; Zona Roja Oaxaca (@MexRoja) <a href=\"https:\/\/twitter.com\/MexRoja\/status\/1335995500210737155?ref_src=twsrc%5Etfw\">7 de diciembre de 2020<\/a><\/blockquote><\/div>\n<\/div><\/figure>\n\n\n\n<p>Por si no fuera poco, un grupo de 15 personas, que se nombr\u00f3 como militantes de la zona norte de la capital, bloque\u00f3 por varias horas la avenida Hidalgo, entre las calles de Santos Degollado y Gonz\u00e1lez Ortega, a las afueras de las oficinas del Partido Verde Ecologista de M\u00e9xico (PVEM).<\/p>\n\n\n\n<p>\u201cFuera Pepe Estefan del partido Verde Ecologista por mentiroso, por no cumplirle a la militancia. Fuera\u201d, dec\u00eda la manta con la que realizaron la protesta.<\/p>\n\n\n\n<p>En el lugar exigieron que se les agendara una reuni\u00f3n con el dirigente del partido Jos\u00e9 Antonio Estefan Gillisen, quien aseguran le ha quedado mal a la dirigencia, aunque no explicaron en que consiste la falta de cumplimiento del joven pol\u00edtico cercano al senador Ra\u00fal Bola\u00f1os Cacho-Cu\u00e9.<\/p>\n\n\n\n<p>OTRA DE SINDICALIZADOS<\/p>\n\n\n\n<figure class=\"wp-block-embed-twitter wp-block-embed is-type-rich is-provider-twitter\"><div class=\"wp-block-embed__wrapper\">\n<div class=\"twitter-tweet\"><blockquote class=\"twitter-tweet\" data-lang=\"es\"><p lang=\"es\" dir=\"ltr\"><a href=\"https:\/\/twitter.com\/hashtag\/%C3%9AltimoMinuto?src=hash&amp;ref_src=twsrc%5Etfw\">#\u00daltimoMinuto<\/a> <br>La nula atenci\u00f3n a conflictos por parte de la <a href=\"https:\/\/twitter.com\/SEGEGO_GobOax?ref_src=twsrc%5Etfw\">@SEGEGO_GobOax<\/a>, que preside <a href=\"https:\/\/twitter.com\/PacoPiza9?ref_src=twsrc%5Etfw\">@PacoPiza9<\/a>, origin\u00f3 esta tarde una protesta por parte del Sindicato de Trabajadores del Telebachillerato de Oaxaca, en la caseta de peaje de Huitzo, de la v\u00eda a M\u00e9xico. <a href=\"https:\/\/t.co\/TAJZ4mX8mX\">pic.twitter.com\/TAJZ4mX8mX<\/a><\/p>&mdash; Zona Roja Oaxaca (@MexRoja) <a href=\"https:\/\/twitter.com\/MexRoja\/status\/1336070420676612104?ref_src=twsrc%5Etfw\">7 de diciembre de 2020<\/a><\/blockquote><\/div>\n<\/div><\/figure>\n\n\n\n<p>Despu\u00e9s del mediod\u00eda, una la dirigencia del Sindicato de Trabajadores de Telebachilleratos del Estado de Oaxaca, dio una conferencia de prensa para denunciar la intromisi\u00f3n del director de ese organismo educativo, Jes\u00fas Madrid, en la vida sindical.<\/p>\n\n\n\n<p>Tras ello, se trasladaron a la caseta de peaje de Huitzo, sobre la supercarretera Oaxaca-Cuacnopalan, donde cerraron por unos momentos y despu\u00e9s cobraron cuotas propias a los automovilistas; por la tarde se retiraron del lguar.<\/p>\n\n\n\n<p>HASTA HUGO JARQU\u00cdN<\/p>\n\n\n\n<figure class=\"wp-block-embed-twitter wp-block-embed is-type-rich is-provider-twitter\"><div class=\"wp-block-embed__wrapper\">\n<div class=\"twitter-tweet\"><blockquote class=\"twitter-tweet\" data-lang=\"es\"><p lang=\"es\" dir=\"ltr\"><a href=\"https:\/\/twitter.com\/hashtag\/%C3%9AltimoMinuto?src=hash&amp;ref_src=twsrc%5Etfw\">#\u00daltimoMinuto<\/a> <br>\u00bfQu\u00e9 le parece? A pesar del alto n\u00famero de contagios de Covid en la ciudad de <a href=\"https:\/\/twitter.com\/hashtag\/Oaxaca?src=hash&amp;ref_src=twsrc%5Etfw\">#Oaxaca<\/a>, el perredista <a href=\"https:\/\/twitter.com\/HugoJarquin?ref_src=twsrc%5Etfw\">@HugoJarquin<\/a> comienza a repartir puestos para comerciantes ambulantes en el z\u00f3calo. <a href=\"https:\/\/t.co\/Yxykrf1VVX\">pic.twitter.com\/Yxykrf1VVX<\/a><\/p>&mdash; Zona Roja Oaxaca (@MexRoja) <a href=\"https:\/\/twitter.com\/MexRoja\/status\/1336088856395980800?ref_src=twsrc%5Etfw\">7 de diciembre de 2020<\/a><\/blockquote><\/div>\n<\/div><\/figure>\n\n\n\n<p>Y por la tarde, un grupo de ambulantes llevados por Hugo Jarqu\u00edn, comenz\u00f3 a fraccionar la plancha del z\u00f3calo de la ciudad, para iniciar la instalaci\u00f3n de vendedores informales.<\/p>\n\n\n\n<p>Seg\u00fan el perredista, solicit\u00f3 un di\u00e1logo con el presidente municipal Oswaldo Garc\u00eda Jarqu\u00edn, pero \u00e9ste se neg\u00f3 a atenderlos, por lo cual decidieron ocupar el z\u00f3calo; posteriormente se retiraron pero volver\u00e1n ma\u00f1ana temprano para colocar puestos ambulantes.<\/p>\n","protected":false},"excerpt":{"rendered":"<p>Evlin Arag\u00f3n\/Zona Roja. Oaxaca de Ju\u00e1rez, Oax., 7 de diciembre de 2020.- La nula operaci\u00f3n&hellip;<\/p>\n","protected":false},"author":2,"featured_media":20985,"comment_status":"closed","ping_status":"open","sticky":false,"template":"","format":"standard","meta":{"_lmt_disableupdate":"","_lmt_disable":"","_jetpack_memberships_contains_paid_content":false,"footnotes":""},"categories":[109,47],"tags":[518,2121],"class_list":["post-20984","post","type-post","status-publish","format-standard","has-post-thumbnail","hentry","category-minuto-a-minuto","category-zona-gris","tag-protestas-oaxaca","tag-secretaria-general-de-gobierno-segego"],"jetpack_featured_media_url":"https:\/\/zonaroja.com.mx\/wp-content\/uploads\/2020\/12\/Protesta-triquis-Juxtlahuaca.jpg","jetpack_sharing_enabled":true,"_links":{"self":[{"href":"https:\/\/zonaroja.com.mx\/index.php?rest_route=\/wp\/v2\/posts\/20984","targetHints":{"allow":["GET"]}}],"collection":[{"href":"https:\/\/zonaroja.com.mx\/index.php?rest_route=\/wp\/v2\/posts"}],"about":[{"href":"https:\/\/zonaroja.com.mx\/index.php?rest_route=\/wp\/v2\/types\/post"}],"author":[{"embeddable":true,"href":"https:\/\/zonaroja.com.mx\/index.php?rest_route=\/wp\/v2\/users\/2"}],"replies":[{"embeddable":true,"href":"https:\/\/zonaroja.com.mx\/index.php?rest_route=%2Fwp%2Fv2%2Fcomments&post=20984"}],"version-history":[{"count":1,"href":"https:\/\/zonaroja.com.mx\/index.php?rest_route=\/wp\/v2\/posts\/20984\/revisions"}],"predecessor-version":[{"id":20986,"href":"https:\/\/zonaroja.com.mx\/index.php?rest_route=\/wp\/v2\/posts\/20984\/revisions\/20986"}],"wp:featuredmedia":[{"embeddable":true,"href":"https:\/\/zonaroja.com.mx\/index.php?rest_route=\/wp\/v2\/media\/20985"}],"wp:attachment":[{"href":"https:\/\/zonaroja.com.mx\/index.php?rest_route=%2Fwp%2Fv2%2Fmedia&parent=20984"}],"wp:term":[{"taxonomy":"category","embeddable":true,"href":"https:\/\/zonaroja.com.mx\/index.php?rest_route=%2Fwp%2Fv2%2Fcategories&post=20984"},{"taxonomy":"post_tag","embeddable":true,"href":"https:\/\/zonaroja.com.mx\/index.php?rest_route=%2Fwp%2Fv2%2Ftags&post=20984"}],"curies":[{"name":"wp","href":"https:\/\/api.w.org\/{rel}","templated":true}]}}