{"id":20987,"date":"2020-12-07T20:40:44","date_gmt":"2020-12-08T02:40:44","guid":{"rendered":"http:\/\/www.zonaroja.com.mx\/?p=20987"},"modified":"2020-12-07T20:40:49","modified_gmt":"2020-12-08T02:40:49","slug":"ejecutan-a-balazos-a-un-individuo-en-juchitan-y-lesionan-a-otro","status":"publish","type":"post","link":"https:\/\/zonaroja.com.mx\/?p=20987","title":{"rendered":"Ejecutan a balazos a un individuo en Juchit\u00e1n y lesionan a otro"},"content":{"rendered":"\n<p>Redacci\u00f3n\/Zona Roja.<\/p>\n\n\n\n<p>Oaxaca de Ju\u00e1rez, Oax., 7 de diciembre de 2020.- Una persona fallecida y otra lesionada es el resultado de un ataque armado perpetrado la tarde de este lunes en Juchit\u00e1n de Zaragoza, Oaxaca.<\/p>\n\n\n\n<p>Los hechos sucedieron cerca de la b\u00e1scula ganadera, ubicada a un costado de la carretera Panamericana, tramo a la localidad de La Ventosa.<\/p>\n\n\n\n<p>Frente a varias personas que se hallaban en el sitio, sujetos armados arribaron y accionaron sus armas en contra de dos individuos.<\/p>\n\n\n\n<p>Uno de ellos, de acuerdo con datos preliminares de la Vicefiscal\u00eda Regional del Istmo, fue identificado como Francisco Alegr\u00eda, originario de la ciudad de Salina Cruz, quien perdi\u00f3 la vida en el lugar.<\/p>\n\n\n\n<p>El otro como V\u00edctor Manuel M. C., originario y vecino de Juchit\u00e1n, quien result\u00f3 herido de gravedad y trasladado al hospital \u201cDr. Macedonio Ben\u00edtez Fuentes\u201d. Hasta el momento no se reporta detenci\u00f3n de probables autores de la agresi\u00f3n armada y mucho menos se cuenta con la identidad de ellos.<\/p>\n","protected":false},"excerpt":{"rendered":"<p>Redacci\u00f3n\/Zona Roja. Oaxaca de Ju\u00e1rez, Oax., 7 de diciembre de 2020.- Una persona fallecida y&hellip;<\/p>\n","protected":false},"author":2,"featured_media":13196,"comment_status":"closed","ping_status":"open","sticky":false,"template":"","format":"standard","meta":{"_lmt_disableupdate":"","_lmt_disable":"","_jetpack_memberships_contains_paid_content":false,"footnotes":""},"categories":[109,51],"tags":[123],"class_list":["post-20987","post","type-post","status-publish","format-standard","has-post-thumbnail","hentry","category-minuto-a-minuto","category-zona-roja","tag-juchitan-de-zaragoza"],"jetpack_featured_media_url":"https:\/\/zonaroja.com.mx\/wp-content\/uploads\/2020\/06\/IMG_7822.jpg","jetpack_sharing_enabled":true,"_links":{"self":[{"href":"https:\/\/zonaroja.com.mx\/index.php?rest_route=\/wp\/v2\/posts\/20987","targetHints":{"allow":["GET"]}}],"collection":[{"href":"https:\/\/zonaroja.com.mx\/index.php?rest_route=\/wp\/v2\/posts"}],"about":[{"href":"https:\/\/zonaroja.com.mx\/index.php?rest_route=\/wp\/v2\/types\/post"}],"author":[{"embeddable":true,"href":"https:\/\/zonaroja.com.mx\/index.php?rest_route=\/wp\/v2\/users\/2"}],"replies":[{"embeddable":true,"href":"https:\/\/zonaroja.com.mx\/index.php?rest_route=%2Fwp%2Fv2%2Fcomments&post=20987"}],"version-history":[{"count":1,"href":"https:\/\/zonaroja.com.mx\/index.php?rest_route=\/wp\/v2\/posts\/20987\/revisions"}],"predecessor-version":[{"id":20988,"href":"https:\/\/zonaroja.com.mx\/index.php?rest_route=\/wp\/v2\/posts\/20987\/revisions\/20988"}],"wp:featuredmedia":[{"embeddable":true,"href":"https:\/\/zonaroja.com.mx\/index.php?rest_route=\/wp\/v2\/media\/13196"}],"wp:attachment":[{"href":"https:\/\/zonaroja.com.mx\/index.php?rest_route=%2Fwp%2Fv2%2Fmedia&parent=20987"}],"wp:term":[{"taxonomy":"category","embeddable":true,"href":"https:\/\/zonaroja.com.mx\/index.php?rest_route=%2Fwp%2Fv2%2Fcategories&post=20987"},{"taxonomy":"post_tag","embeddable":true,"href":"https:\/\/zonaroja.com.mx\/index.php?rest_route=%2Fwp%2Fv2%2Ftags&post=20987"}],"curies":[{"name":"wp","href":"https:\/\/api.w.org\/{rel}","templated":true}]}}