{"id":20989,"date":"2020-12-07T22:08:17","date_gmt":"2020-12-08T04:08:17","guid":{"rendered":"http:\/\/www.zonaroja.com.mx\/?p=20989"},"modified":"2020-12-07T22:08:22","modified_gmt":"2020-12-08T04:08:22","slug":"la-desaparicion-de-bruno-alonso-avendano-no-fue-circunstancial-o-aislada","status":"publish","type":"post","link":"https:\/\/zonaroja.com.mx\/?p=20989","title":{"rendered":"\u201cLa desaparici\u00f3n de Bruno Alonso Avenda\u00f1o no fue circunstancial o aislada\u201d"},"content":{"rendered":"\n<p>Evlin Arag\u00f3n\/Zona Roja.<\/p>\n\n\n\n<p>Oaxaca de Ju\u00e1rez, Oax., 7 de diciembre de 2020.- \u201cPor fin, dentro de todos estos dos a\u00f1os de malas noticias, por fin podemos comunicarles que hemos logrado que Bruno Alonso Avenda\u00f1o regrese a casa. No de la manera que esper\u00e1bamos, pero Bruno ha regresado a casa, esa es la buena noticia\u201d.<\/p>\n\n\n\n<p>Son las palabras de Lukas Avenda\u00f1o, hermano del marino cuyo cuerpo sin vida fue localizado recientemente y sepultado la semana pasada, quien se\u00f1al\u00f3 que la b\u00fasqueda de justicia contin\u00faa, debido a que la desaparici\u00f3n forzada constituye un delito pluriofensivo y de lesa humanidad.<\/p>\n\n\n\n<p>De acuerdo con el tambi\u00e9n artista oaxaque\u00f1o, est\u00e1 perfectamente identificado que la desaparici\u00f3n de Bruno no fue circunstancial o aislada, sino que tiene otras implicaciones, raz\u00f3n por la que exigen a las autoridades de procuraci\u00f3n de justicia su puntual actuaci\u00f3n para esclarecer los hechos.<\/p>\n\n\n\n<p>\u201cLa desaparici\u00f3n de Bruno Alonso Avenda\u00f1o no fue circunstancial o aislada por lo que seguiremos buscando justicia. Las personas no desaparecen por su voluntad, son desaparecidas y vamos a seguir exigiendo su esclarecimiento\u201d, dijo en un video publicado en su canal de YouTube.<\/p>\n\n\n\n<p>Aprovech\u00f3 para se\u00f1alar a los funcionarios p\u00fablicos Mario Alberto Mart\u00ednez P\u00e9rez Ren\u00e9 Alav\u00e9s Fern\u00e1ndez, Jos\u00e9 Luis Miguel Cruz y Jorge Mart\u00ednez Reyes, quienes el 18 de mayo de 2018, d\u00edas despu\u00e9s de la desaparici\u00f3n del marino, revictimizaron a la familia, al asegurar que Bruno se encontraba en una fiesta, como si eso justificara su desaparici\u00f3n.\u00a0<\/p>\n\n\n\n<figure class=\"wp-block-embed-twitter wp-block-embed is-type-rich is-provider-twitter\"><div class=\"wp-block-embed__wrapper\">\n<div class=\"twitter-tweet\"><blockquote class=\"twitter-tweet\" data-lang=\"es\"><p lang=\"es\" dir=\"ltr\">El caso de Bruno Avenda\u00f1o no fue una desaparici\u00f3n circunstancial o aislada, por lo que seguiremos buscando justicia, asegur\u00f3 Lukas, hermano del marino desaparecido el 10 de mayo de 2018 y hallado sin vida casi dos a\u00f1os despu\u00e9s;la semana pasada fue sepultado en Tehuantepec,Oaxaca. <a href=\"https:\/\/t.co\/mxpa9Bmgxf\">pic.twitter.com\/mxpa9Bmgxf<\/a><\/p>&mdash; Zona Roja Oaxaca (@MexRoja) <a href=\"https:\/\/twitter.com\/MexRoja\/status\/1335609742761201666?ref_src=twsrc%5Etfw\">6 de diciembre de 2020<\/a><\/blockquote><\/div>\n<\/div><\/figure>\n\n\n\n<p>\u201cAs\u00ed como el agente estatal de investigaciones Ren\u00e9 Alav\u00e9s Fern\u00e1ndez nos dijo que mi hermano andaba de fiesta y que incluso se atrevi\u00f3 a decir que lo hab\u00edan visto en un toreada en Santa Roma de Lima, hoy que tenemos el cuerpo de Bruno nuestra exigencia es que estos funcionarios expliquen porque nos revictimizaron y aseguraron que hab\u00eda testigos presenciales de los hechos\u201d, relat\u00f3.&nbsp;&nbsp;&nbsp;<\/p>\n\n\n\n<p>As\u00ed mismo, evidenci\u00f3 que pese a la queja que interpuso ante la Defensor\u00eda de los Derechos Humanos del Pueblo de Oaxaca, el 1 de junio del 2018, de forma particular por la actuaci\u00f3n de las autoridades de procuraci\u00f3n de justicia, esta nunca se pronunci\u00f3 con relaci\u00f3n al caso.<\/p>\n\n\n\n<p>\u201cSomos una familia agraviada, como miles de familias en este pa\u00eds. Por lo tanto, el Estado mexicano hasta en tanto sea incapaz de hacer valer el Estado de Derecho que tantas veces repite una y otra vez, nuestra exigencia ir\u00e1 en el sentido de que cumplan con su obligaci\u00f3n a favor de la poblaci\u00f3n ofendida\u201d.&nbsp;<\/p>\n\n\n\n<p>Finalmente agradeci\u00f3 el acompa\u00f1amiento y apoyo de toda la comunidad local, nacional e internacional que se sum\u00f3 a la b\u00fasqueda de Bruno, y record\u00f3 que mientras tengan vida su exigencia de justicia continuar\u00e1.&nbsp;<\/p>\n\n\n\n<p>\u201cMuchas gracias por todo su acompa\u00f1amiento, por todo el apoyo. La b\u00fasqueda no ha sido in\u00fatil, logramos localizarlo pese a que no fue en las condiciones que hubi\u00e9ramos deseado, pero vamos a seguir exigiendo el esclarecimiento los hechos\u201d, sentenci\u00f3.&nbsp;&nbsp;<\/p>\n","protected":false},"excerpt":{"rendered":"<p>Evlin Arag\u00f3n\/Zona Roja. Oaxaca de Ju\u00e1rez, Oax., 7 de diciembre de 2020.- \u201cPor fin, dentro&hellip;<\/p>\n","protected":false},"author":2,"featured_media":20990,"comment_status":"closed","ping_status":"open","sticky":false,"template":"","format":"standard","meta":{"_lmt_disableupdate":"","_lmt_disable":"","_jetpack_memberships_contains_paid_content":false,"footnotes":""},"categories":[109,47],"tags":[920],"class_list":["post-20989","post","type-post","status-publish","format-standard","has-post-thumbnail","hentry","category-minuto-a-minuto","category-zona-gris","tag-bruno-alonso-avendano"],"jetpack_featured_media_url":"https:\/\/zonaroja.com.mx\/wp-content\/uploads\/2020\/12\/Lukas-Avendano.jpg","jetpack_sharing_enabled":true,"_links":{"self":[{"href":"https:\/\/zonaroja.com.mx\/index.php?rest_route=\/wp\/v2\/posts\/20989","targetHints":{"allow":["GET"]}}],"collection":[{"href":"https:\/\/zonaroja.com.mx\/index.php?rest_route=\/wp\/v2\/posts"}],"about":[{"href":"https:\/\/zonaroja.com.mx\/index.php?rest_route=\/wp\/v2\/types\/post"}],"author":[{"embeddable":true,"href":"https:\/\/zonaroja.com.mx\/index.php?rest_route=\/wp\/v2\/users\/2"}],"replies":[{"embeddable":true,"href":"https:\/\/zonaroja.com.mx\/index.php?rest_route=%2Fwp%2Fv2%2Fcomments&post=20989"}],"version-history":[{"count":1,"href":"https:\/\/zonaroja.com.mx\/index.php?rest_route=\/wp\/v2\/posts\/20989\/revisions"}],"predecessor-version":[{"id":20991,"href":"https:\/\/zonaroja.com.mx\/index.php?rest_route=\/wp\/v2\/posts\/20989\/revisions\/20991"}],"wp:featuredmedia":[{"embeddable":true,"href":"https:\/\/zonaroja.com.mx\/index.php?rest_route=\/wp\/v2\/media\/20990"}],"wp:attachment":[{"href":"https:\/\/zonaroja.com.mx\/index.php?rest_route=%2Fwp%2Fv2%2Fmedia&parent=20989"}],"wp:term":[{"taxonomy":"category","embeddable":true,"href":"https:\/\/zonaroja.com.mx\/index.php?rest_route=%2Fwp%2Fv2%2Fcategories&post=20989"},{"taxonomy":"post_tag","embeddable":true,"href":"https:\/\/zonaroja.com.mx\/index.php?rest_route=%2Fwp%2Fv2%2Ftags&post=20989"}],"curies":[{"name":"wp","href":"https:\/\/api.w.org\/{rel}","templated":true}]}}