{"id":20999,"date":"2020-12-08T08:24:05","date_gmt":"2020-12-08T14:24:05","guid":{"rendered":"http:\/\/www.zonaroja.com.mx\/?p=20999"},"modified":"2020-12-08T08:24:10","modified_gmt":"2020-12-08T14:24:10","slug":"partido-verde-ecologista-una-quimera-en-oaxaca","status":"publish","type":"post","link":"https:\/\/zonaroja.com.mx\/?p=20999","title":{"rendered":"Partido Verde Ecologista: una quimera en Oaxaca"},"content":{"rendered":"\n<p>Ismael Garc\u00eda M.\/Zona Roja.<\/p>\n\n\n\n<p>Oaxaca de Ju\u00e1rez, Oax., 8 de diciembre de 2020.- Bast\u00f3 una veintena de sedicentes militantes para poner de cabeza al Partido Verde Ecologista de M\u00e9xico en la entidad oaxaque\u00f1a.<\/p>\n\n\n\n<p>Un grupo de presuntos colonos que exigi\u00f3 la renuncia de Jos\u00e9 Estefan Gillessen &#8211;hijo del priista y perredista temporal Jos\u00e9 Antonio Estefan Garfias&#8211; por adeudos pendientes, exhibi\u00f3 adem\u00e1s la fragilidad medi\u00e1tica del instituto pol\u00edtico.<\/p>\n\n\n\n<p>Y el golpe lleg\u00f3 hasta el Senado mexicano, cuyo representante popular por Oaxaca es el priista avenido a verdeecologista, Ra\u00fal Bola\u00f1os Cacho Cu\u00e9, que se apresta a iniciar su campa\u00f1a pol\u00edtica por todo el estado, para intentar posicionarse como candidato a gobernador, sin tener estatura para ello.<\/p>\n\n\n\n<p>\u00bfPero qui\u00e9n es Jos\u00e9 Estefan? Una r\u00e1pida b\u00fasqueda en internet y en su curr\u00edculum arrojan a un j\u00fanior sin experiencia pol\u00edtica, puesto en la dirigencia estatal del PVEM por recomendaci\u00f3n y pago pol\u00edtico a su padre, Estefan Garfias, quien fue beneficiado por el PRI con todos los cargos y que sirvi\u00f3 a los priistas para que la coalici\u00f3n opositora no venciera a Alejandro Murat.<\/p>\n\n\n\n<p>El j\u00fanior apenas a inicios del 2018 se uni\u00f3 a las filas del Verde Ecologista y en ese mismo a\u00f1o ya fue candidato a diputado federal por el V Distrito, por supuesto, con magros resultados. A finales del mismo a\u00f1o fue designado delegado nacional del partido en Oaxaca.<\/p>\n\n\n\n<p>Es egresado del Tecnol\u00f3gico de Monterrey y el nuevo delegado nacional del PVEM en Oaxaca ha desempe\u00f1ado su carrera como directivo en la iniciativa privada y su \u00fanica incursi\u00f3n en la administraci\u00f3n p\u00fablica como asesor la 63 Legislatura de la C\u00e1mara de Diputados.<\/p>\n\n\n\n<p>Apenas un mes despu\u00e9s de haber asumido el cargo partidista, enfrent\u00f3 la rebeli\u00f3n de una treintena de delegados distritales, que exigieron la renuncia.<\/p>\n\n\n\n<p>Se ha mantenido en el cargo, en contubernio con el ex priista y ex panista Elpidio Altamirano, con quien decide el destino del dinero de las prerrogativas, que no es precisamente para fortalecer al Verde.<\/p>\n\n\n\n<p>El esc\u00e1ndalo del lunes exhibi\u00f3 las irregularidades y opacidad con las que se desempe\u00f1a el comit\u00e9 ejecutivo del PVEM, principalmente Estefan y Altamirano \u2013personaje que requiere un an\u00e1lisis posterior&#8211;, pero adem\u00e1s, el desinter\u00e9s por atender a los militantes.<\/p>\n\n\n\n<p>Pero si a nivel estatal el Verde est\u00e1 en esas circunstancias, a nivel nacional es lo mismo, o peor. Literalmente, est\u00e1 para comerciar, para venderse al mejor postor desde su fundaci\u00f3n en 1986 por Jorge Gonz\u00e1lez Torres y en pr\u00e1cticamente toda su vida lo ha hecho con el PRI.<\/p>\n\n\n\n<p>Desde que obtuvo su primer registro como partido pol\u00edtico el 28 de febrero de 1991, ha sido controlado por una sola familia; su primer presidente fue Jorge Gonz\u00e1lez Torres (funcionario p\u00fablico y antiguo miembro del PRI), quien fue sucedido en la presidencia del partido por su hijo, Jorge Emilio Gonz\u00e1lez Mart\u00ednez (quien se desempe\u00f1\u00f3 como senador para el periodo 2000-2006 y apodado \u00abEl Ni\u00f1o Verde\u00bb) desde 2001 hasta el 2011. A este otro j\u00fanior, s\u00f3lo le ha interesado el poder y el dinero y, literalmente, vend\u00eda las candidaturas estatales, sin importar ning\u00fan otro requisito.<\/p>\n\n\n\n<p>Adem\u00e1s, pon\u00eda cuota a las dirigencias estatales sobre las prerrogativas, a cambio, las entidades pod\u00edan hacer lo que quisieran con el dinero.<\/p>\n\n\n\n<p>Por cierto, \u201cEl Ni\u00f1o Verde\u201d Jorge Emilio Gonz\u00e1lez Mart\u00ednez, ha sido continuamente acusado por actos de corrupci\u00f3n, en particular por aceptar sobornos por un monto de cinco millones 567 mil 113 pesos a cambio de permitir construir en zonas protegidas.<\/p>\n\n\n\n<p>Para sobrevivir, ha estado acostumbrado a hacer alianzas, pues solo no tiene ninguna fuerza ni presencia pol\u00edtica; as\u00ed lo hizo en 2012, para ganar la primera gubernatura en Chiapas, con Manuel Velasco, hoy distinguido morenista.<\/p>\n\n\n\n<p>Al ver la debacle del PRI, PRD y PAN, tras arrolladores triunfos de Andr\u00e9s Manuel L\u00f3pez Obrador, el a\u00f1o pasado hizo alianzas con Morena y con el PT para contender en Baja California, Puebla y Quintana Roo.<\/p>\n\n\n\n<p>Ese es el Verde. Ese es Ra\u00fal Bola\u00f1os Cacho Cu\u00e9, priista convenenciero y otro junior que ha logrado cargos solamente por recomendaci\u00f3n de su padre, Ra\u00fal Bola\u00f1os Cacho, ahora c\u00f3nsul en Brasil.<\/p>\n\n\n\n<p>\u00bfTiene futuro el PVEM? Nunca lo ha tenido, pero sin importar la ideolog\u00eda ni la militancia, ahora se cobija en Morena para sobrevivir\u2026 y para seguir viviendo del erario.<\/p>\n\n\n\n<p>\u00bfTiene futuro Ra\u00fal Bola\u00f1os Cacho Cu\u00e9? Tampoco, pues en Oaxaca el PVEM est\u00e1 muerto y s\u00f3lo le ha servido a \u00e9l y a Jos\u00e9 Estefan como caja chica. El senador cree que tiene todo el respaldo de L\u00f3pez Obrador para ser candidato a gobernador y suceder a Alejandro Murat\u2026 sin saber que el Presidente tiene otros datos.<\/p>\n","protected":false},"excerpt":{"rendered":"<p>Ismael Garc\u00eda M.\/Zona Roja. Oaxaca de Ju\u00e1rez, Oax., 8 de diciembre de 2020.- Bast\u00f3 una&hellip;<\/p>\n","protected":false},"author":2,"featured_media":7610,"comment_status":"closed","ping_status":"open","sticky":false,"template":"","format":"standard","meta":{"_lmt_disableupdate":"","_lmt_disable":"","_jetpack_memberships_contains_paid_content":false,"footnotes":""},"categories":[456,109,48],"tags":[1353],"class_list":["post-20999","post","type-post","status-publish","format-standard","has-post-thumbnail","hentry","category-columna","category-minuto-a-minuto","category-zona-critica","tag-opinion-zona-critica"],"jetpack_featured_media_url":"https:\/\/zonaroja.com.mx\/wp-content\/uploads\/2020\/01\/Opini\u00f3n-Zona-Cr\u00edtica.jpg","jetpack_sharing_enabled":true,"_links":{"self":[{"href":"https:\/\/zonaroja.com.mx\/index.php?rest_route=\/wp\/v2\/posts\/20999","targetHints":{"allow":["GET"]}}],"collection":[{"href":"https:\/\/zonaroja.com.mx\/index.php?rest_route=\/wp\/v2\/posts"}],"about":[{"href":"https:\/\/zonaroja.com.mx\/index.php?rest_route=\/wp\/v2\/types\/post"}],"author":[{"embeddable":true,"href":"https:\/\/zonaroja.com.mx\/index.php?rest_route=\/wp\/v2\/users\/2"}],"replies":[{"embeddable":true,"href":"https:\/\/zonaroja.com.mx\/index.php?rest_route=%2Fwp%2Fv2%2Fcomments&post=20999"}],"version-history":[{"count":1,"href":"https:\/\/zonaroja.com.mx\/index.php?rest_route=\/wp\/v2\/posts\/20999\/revisions"}],"predecessor-version":[{"id":21000,"href":"https:\/\/zonaroja.com.mx\/index.php?rest_route=\/wp\/v2\/posts\/20999\/revisions\/21000"}],"wp:featuredmedia":[{"embeddable":true,"href":"https:\/\/zonaroja.com.mx\/index.php?rest_route=\/wp\/v2\/media\/7610"}],"wp:attachment":[{"href":"https:\/\/zonaroja.com.mx\/index.php?rest_route=%2Fwp%2Fv2%2Fmedia&parent=20999"}],"wp:term":[{"taxonomy":"category","embeddable":true,"href":"https:\/\/zonaroja.com.mx\/index.php?rest_route=%2Fwp%2Fv2%2Fcategories&post=20999"},{"taxonomy":"post_tag","embeddable":true,"href":"https:\/\/zonaroja.com.mx\/index.php?rest_route=%2Fwp%2Fv2%2Ftags&post=20999"}],"curies":[{"name":"wp","href":"https:\/\/api.w.org\/{rel}","templated":true}]}}