{"id":21004,"date":"2020-12-08T10:20:11","date_gmt":"2020-12-08T16:20:11","guid":{"rendered":"http:\/\/www.zonaroja.com.mx\/?p=21004"},"modified":"2020-12-08T10:20:15","modified_gmt":"2020-12-08T16:20:15","slug":"piden-a-gobernador-de-oaxaca-poner-fin-a-la-violencia-feminicida-y-transfeminicida","status":"publish","type":"post","link":"https:\/\/zonaroja.com.mx\/?p=21004","title":{"rendered":"Piden a gobernador de Oaxaca poner fin a la violencia feminicida y transfeminicida"},"content":{"rendered":"\n<p>Evlin Arag\u00f3n\/Zona Roja.<\/p>\n\n\n\n<p>Oaxaca de Ju\u00e1rez, Oax., 8 de diciembre de 2020.- \u201cEsto tiene que parar. No somos un n\u00famero moldeable a sus intereses, no somos una cifra m\u00e1s\u201d.\u00a0<\/p>\n\n\n\n<p>Son las palabras de activistas que se manifestaron este fin de semana en el marco del Tianguis Autogestivo para denunciar el alza de transfeminicidios, feminicidios y desapariciones de mujeres, ante la omisi\u00f3n de las autoridades por garantizar una vida libre de violencia.&nbsp;<\/p>\n\n\n\n<p>De acuerdo con lo expuesto en un pronunciamiento, la administraci\u00f3n de Alejandro Murat tiene las manos manchadas con la sangre de cada una de las ni\u00f1as, mujeres, lesbianas, personas trans y disidentes de g\u00e9nero asesinada en las calles, negocios y casas, y tiene que responder por ello.<\/p>\n\n\n\n<p>Explicaron que la entidad oaxaque\u00f1a es una de las m\u00e1s violentas del pa\u00eds, de las primeras en feminicidios, transfeminicidios y cr\u00edmenes de odio a la poblaci\u00f3n LGBTI+, y aun as\u00ed no existen estad\u00edsticas gubernamentales que visibilicen el problema.&nbsp;<\/p>\n\n\n\n<p>\u201cEl gobierno niega una violencia que se desborda, finge que no pasa nada y derrocha en una atracci\u00f3n luminosa, inservible, el dinero que debiera destinarse a la b\u00fasqueda de las cientas de mujeres desaparecidas en este territorio, ignorando el contexto pand\u00e9mico, el mismo que usan de pretexto para reprimir la autogesti\u00f3n\u201d, refieren.&nbsp;<\/p>\n\n\n\n<p>Las activistas se dijeron cansadas de la violencia en su contra, misma que se comete en espacios privados, p\u00fablicos e institucionales, sin que el Estado le importe y lejos de actuar maquillan las cifras en los informes anuales, disfrazando a Oaxaca de ciudad ejemplar, cuando los feminicidios y transfeminicidios superan los 480.<\/p>\n\n\n\n<p>\u201cEstamos cansadxs de ser violentades en espacios privados, p\u00fablicos e institucionales, de temer. Nos violan, matan y desaparecen diariamente, pero al Estado no le importa. Nuestras vidas no son desechables, nuestras identidades se respetan, nuestros cuerpos no se tocan, y si tocan a une, respondemos todas\u201d, remarcaron.<\/p>\n","protected":false},"excerpt":{"rendered":"<p>Evlin Arag\u00f3n\/Zona Roja. Oaxaca de Ju\u00e1rez, Oax., 8 de diciembre de 2020.- \u201cEsto tiene que&hellip;<\/p>\n","protected":false},"author":2,"featured_media":21005,"comment_status":"closed","ping_status":"open","sticky":false,"template":"","format":"standard","meta":{"_lmt_disableupdate":"","_lmt_disable":"","_jetpack_memberships_contains_paid_content":false,"footnotes":""},"categories":[109,47],"tags":[2184],"class_list":["post-21004","post","type-post","status-publish","format-standard","has-post-thumbnail","hentry","category-minuto-a-minuto","category-zona-gris","tag-tianguis-autogestivo-y-disidente-oaxaca"],"jetpack_featured_media_url":"https:\/\/zonaroja.com.mx\/wp-content\/uploads\/2020\/12\/Tianguis-Autogestivo.jpg","jetpack_sharing_enabled":true,"_links":{"self":[{"href":"https:\/\/zonaroja.com.mx\/index.php?rest_route=\/wp\/v2\/posts\/21004","targetHints":{"allow":["GET"]}}],"collection":[{"href":"https:\/\/zonaroja.com.mx\/index.php?rest_route=\/wp\/v2\/posts"}],"about":[{"href":"https:\/\/zonaroja.com.mx\/index.php?rest_route=\/wp\/v2\/types\/post"}],"author":[{"embeddable":true,"href":"https:\/\/zonaroja.com.mx\/index.php?rest_route=\/wp\/v2\/users\/2"}],"replies":[{"embeddable":true,"href":"https:\/\/zonaroja.com.mx\/index.php?rest_route=%2Fwp%2Fv2%2Fcomments&post=21004"}],"version-history":[{"count":1,"href":"https:\/\/zonaroja.com.mx\/index.php?rest_route=\/wp\/v2\/posts\/21004\/revisions"}],"predecessor-version":[{"id":21006,"href":"https:\/\/zonaroja.com.mx\/index.php?rest_route=\/wp\/v2\/posts\/21004\/revisions\/21006"}],"wp:featuredmedia":[{"embeddable":true,"href":"https:\/\/zonaroja.com.mx\/index.php?rest_route=\/wp\/v2\/media\/21005"}],"wp:attachment":[{"href":"https:\/\/zonaroja.com.mx\/index.php?rest_route=%2Fwp%2Fv2%2Fmedia&parent=21004"}],"wp:term":[{"taxonomy":"category","embeddable":true,"href":"https:\/\/zonaroja.com.mx\/index.php?rest_route=%2Fwp%2Fv2%2Fcategories&post=21004"},{"taxonomy":"post_tag","embeddable":true,"href":"https:\/\/zonaroja.com.mx\/index.php?rest_route=%2Fwp%2Fv2%2Ftags&post=21004"}],"curies":[{"name":"wp","href":"https:\/\/api.w.org\/{rel}","templated":true}]}}