{"id":21009,"date":"2020-12-08T12:18:20","date_gmt":"2020-12-08T18:18:20","guid":{"rendered":"https:\/\/www.zonaroja.com.mx\/?p=21009"},"modified":"2020-12-08T12:40:40","modified_gmt":"2020-12-08T18:40:40","slug":"verbeneros-de-46-organizaciones-retan-al-covid-y-se-instalan-en-el-zocalo","status":"publish","type":"post","link":"https:\/\/zonaroja.com.mx\/?p=21009","title":{"rendered":"Verbeneros de 46 organizaciones retan al Covid y se instalan en el z\u00f3calo"},"content":{"rendered":"\n<p class=\"MsoNormal\">Yuridiana Sosa\/Zona Roja. <\/p>\n\n\n\n<p class=\"MsoNormal\">Oaxaca de Ju\u00e1rez, Oax., 8 de diciembre de 2020.- Decenas de verbeneros adheridos a 46 organizaciones de vendedores informales, se instalaron esta ma\u00f1ana en el z\u00f3calo de la capital de Oaxaca y advierten que pese a los peligros de propagaci\u00f3n de Covid-19, no se retirar\u00e1n.<\/p>\n\n\n\n<p class=\"MsoNormal\">Liderados por el ex diputado federal del PRD, Hugo Jarqu\u00edn, los vendedores rodearon la&nbsp;<a href=\"\/\/2\">Plaza de la Constituci\u00f3n<\/a>&nbsp;con sus puestos de todo tipo, sin importar las disposiciones oficiales de sanidad de las autoridades municipales de la capital y del gobierno del estado.<\/p>\n\n\n\n<p class=\"MsoNormal\">Pero su instalaci\u00f3n no representa una sorpresa y se realiz\u00f3 en consecuencia a una amenaza de los comerciantes contra el gobierno municipal de Oswaldo Garc\u00eda Jarqu\u00edn, para que les permitieran la venta en espacios p\u00fablicos.<\/p>\n\n\n\n<p><div class=\"twitter-tweet\"><blockquote class=\"twitter-tweet\" data-lang=\"es\"><p lang=\"es\" dir=\"ltr\"><a href=\"https:\/\/twitter.com\/hashtag\/%C3%9AltimoMinuto?src=hash&amp;ref_src=twsrc%5Etfw\">#\u00daltimoMinuto<\/a> <br>El ex diputado del PRD, <a href=\"https:\/\/twitter.com\/HugoJarquin?ref_src=twsrc%5Etfw\">@HugoJarquin<\/a>, cumpli\u00f3 su amenaza y ante la ausencia de autoridad por parte del edil <a href=\"https:\/\/twitter.com\/oswaldogarciaj?ref_src=twsrc%5Etfw\">@oswaldogarciaj<\/a>, instal\u00f3 decenas de puestos ambulantes en el z\u00f3calo de la capital oaxaque\u00f1a, en franco reto al Covid, tambi\u00e9n. <a href=\"https:\/\/t.co\/QPD7PzFOcH\">pic.twitter.com\/QPD7PzFOcH<\/a><\/p>&mdash; Zona Roja Oaxaca (@MexRoja) <a href=\"https:\/\/twitter.com\/MexRoja\/status\/1336345049974665216?ref_src=twsrc%5Etfw\">8 de diciembre de 2020<\/a><\/blockquote><\/div><\/p>\n\n\n\n<p class=\"MsoNormal\">Aun as\u00ed, los verbeneros midieron sus espacios ayer lunes; llegaron y se instalaron <a href=\"\/\/5\">este martes<\/a> sin vigilancia ni esfuerzos de las autoridades municipales para evitar la acci\u00f3n.<\/p>\n\n\n\n<p class=\"MsoNormal\">Fue hasta que concluyeron los comerciantes su arribo que representantes del gobierno municipal arribaron para exhortar a los verbeneros su retiro por el riego que su presencia genera ante el Covid-19.&nbsp;<\/p>\n\n\n\n<p class=\"MsoNormal\">Hugo Jarqu\u00edn, dirigente de los ambulantes, rechaz\u00f3 el llamado del gobierno municipal y, con el respaldo de sus compa\u00f1eros, desconoci\u00f3 los acuerdos de sesi\u00f3n de Cabildo para no emitir permisos de instalaci\u00f3n de ferias y verbenas en la capital. As\u00ed tambi\u00e9n, demandan un di\u00e1logo directo con el presidente municipal.<\/p>\n\n\n\n<p class=\"MsoNormal\">SIGUEN PROTESTAS<\/p>\n\n\n\n<figure class=\"wp-block-image size-large\"><img decoding=\"async\" width=\"1280\" height=\"736\" src=\"https:\/\/www.zonaroja.com.mx\/wp-content\/uploads\/2020\/12\/ea3d9319-bc68-44ee-9311-31f68984a4b8.jpg\" alt=\"\" class=\"wp-image-21007\" srcset=\"https:\/\/zonaroja.com.mx\/wp-content\/uploads\/2020\/12\/ea3d9319-bc68-44ee-9311-31f68984a4b8.jpg 1280w, https:\/\/zonaroja.com.mx\/wp-content\/uploads\/2020\/12\/ea3d9319-bc68-44ee-9311-31f68984a4b8-300x173.jpg 300w, https:\/\/zonaroja.com.mx\/wp-content\/uploads\/2020\/12\/ea3d9319-bc68-44ee-9311-31f68984a4b8-1024x589.jpg 1024w, https:\/\/zonaroja.com.mx\/wp-content\/uploads\/2020\/12\/ea3d9319-bc68-44ee-9311-31f68984a4b8-768x442.jpg 768w, https:\/\/zonaroja.com.mx\/wp-content\/uploads\/2020\/12\/ea3d9319-bc68-44ee-9311-31f68984a4b8-1170x673.jpg 1170w, https:\/\/zonaroja.com.mx\/wp-content\/uploads\/2020\/12\/ea3d9319-bc68-44ee-9311-31f68984a4b8-585x336.jpg 585w\" sizes=\"(max-width: 1280px) 100vw, 1280px\" \/><\/figure>\n\n\n\n<p class=\"MsoNormal\">Por otra parte, por segundo d\u00eda consecutivo, integrantes del Sindicato \u00danico de Trabajadores del Instituto de Estudios de Bachillerato del Estado de Oaxaca (SUTIEBO) siguen con protestas en la capital y en las diferentes regiones del estado, con bloqueos y tomas de oficinas del gobierno de Oaxaca.<\/p>\n\n\n\n<p class=\"MsoNormal\">A esta manifestaci\u00f3n, aunque de forma independiente, se suma la que <a href=\"\/\/7\">este martes<\/a> inici\u00f3 el Sindicato de Trabajadores de los Telebachilleratos Comunitarios del Estado de Oaxaca, quienes hicieron presencia frente a Casa Oficial, en avenida Ju\u00e1rez, en el Centro Hist\u00f3rico.<\/p>\n\n\n\n<p class=\"MsoNormal\">Tambi\u00e9n, en ese mismo punto, arribaron integrantes del Frente Democr\u00e1tico de Organizaciones Civiles (FEDOC), quienes son los que hasta este mediod\u00eda permanecen en el lugar. <\/p>\n","protected":false},"excerpt":{"rendered":"<p>Yuridiana Sosa\/Zona Roja. Oaxaca de Ju\u00e1rez, Oax., 8 de diciembre de 2020.- Decenas de verbeneros&hellip;<\/p>\n","protected":false},"author":2,"featured_media":21012,"comment_status":"closed","ping_status":"open","sticky":false,"template":"","format":"standard","meta":{"_lmt_disableupdate":"","_lmt_disable":"","_jetpack_memberships_contains_paid_content":false,"footnotes":""},"categories":[109,47],"tags":[],"class_list":["post-21009","post","type-post","status-publish","format-standard","has-post-thumbnail","hentry","category-minuto-a-minuto","category-zona-gris"],"jetpack_featured_media_url":"https:\/\/zonaroja.com.mx\/wp-content\/uploads\/2020\/12\/f436c01f-e0e0-424d-8f1e-094d6101a083.jpg","jetpack_sharing_enabled":true,"_links":{"self":[{"href":"https:\/\/zonaroja.com.mx\/index.php?rest_route=\/wp\/v2\/posts\/21009","targetHints":{"allow":["GET"]}}],"collection":[{"href":"https:\/\/zonaroja.com.mx\/index.php?rest_route=\/wp\/v2\/posts"}],"about":[{"href":"https:\/\/zonaroja.com.mx\/index.php?rest_route=\/wp\/v2\/types\/post"}],"author":[{"embeddable":true,"href":"https:\/\/zonaroja.com.mx\/index.php?rest_route=\/wp\/v2\/users\/2"}],"replies":[{"embeddable":true,"href":"https:\/\/zonaroja.com.mx\/index.php?rest_route=%2Fwp%2Fv2%2Fcomments&post=21009"}],"version-history":[{"count":1,"href":"https:\/\/zonaroja.com.mx\/index.php?rest_route=\/wp\/v2\/posts\/21009\/revisions"}],"predecessor-version":[{"id":21010,"href":"https:\/\/zonaroja.com.mx\/index.php?rest_route=\/wp\/v2\/posts\/21009\/revisions\/21010"}],"wp:featuredmedia":[{"embeddable":true,"href":"https:\/\/zonaroja.com.mx\/index.php?rest_route=\/wp\/v2\/media\/21012"}],"wp:attachment":[{"href":"https:\/\/zonaroja.com.mx\/index.php?rest_route=%2Fwp%2Fv2%2Fmedia&parent=21009"}],"wp:term":[{"taxonomy":"category","embeddable":true,"href":"https:\/\/zonaroja.com.mx\/index.php?rest_route=%2Fwp%2Fv2%2Fcategories&post=21009"},{"taxonomy":"post_tag","embeddable":true,"href":"https:\/\/zonaroja.com.mx\/index.php?rest_route=%2Fwp%2Fv2%2Ftags&post=21009"}],"curies":[{"name":"wp","href":"https:\/\/api.w.org\/{rel}","templated":true}]}}