{"id":21019,"date":"2020-12-08T17:04:44","date_gmt":"2020-12-08T23:04:44","guid":{"rendered":"http:\/\/www.zonaroja.com.mx\/?p=21019"},"modified":"2020-12-08T17:04:47","modified_gmt":"2020-12-08T23:04:47","slug":"sin-freno-muertes-violentas-de-mujeres-en-oaxaca-va-cuatro-en-diciembre","status":"publish","type":"post","link":"https:\/\/zonaroja.com.mx\/?p=21019","title":{"rendered":"Sin freno muertes violentas de mujeres en Oaxaca; va cuatro en diciembre"},"content":{"rendered":"\n<p>Redacci\u00f3n\/Zona Roja.<\/p>\n\n\n\n<p>Oaxaca de Ju\u00e1rez, Oax., 8 de diciembre de 2020.- Este martes se registr\u00f3 un probable feminicidio en Santiago Juxtlahuaca, municipio de la regi\u00f3n Mixteca.<\/p>\n\n\n\n<p>Con \u00e9ste, suman cuatro asesinatos de mujeres ocurridos en Oaxaca durante el mes de diciembre, es decir, un promedio de un crimen cada dos d\u00edas.<\/p>\n\n\n\n<p>La ma\u00f1ana de hoy fue localizado el cuerpo de una femenina en el paraje \u201cEl Molino\u201d, sobre el camino que conduce a la localidad de Santa Catarina Noltepec, Juxtlahuaca.<\/p>\n\n\n\n<p>De manera preliminar se inform\u00f3 que la v\u00edctima presenta huellas de violencia; a\u00fan no ha sido identificada y la Vicefiscal\u00eda Regional de la Mixteca inici\u00f3 las indagatorias bajo los protocolos de feminicidio.<\/p>\n\n\n\n<p>A este caso, se suman los registrados el pasado 1 de diciembre, en que fue ultimada a balazos \u201cShirley\u201d, mujer transexual, en el interior de una est\u00e9tica, en la colonia Santa Mar\u00eda de la ciudad de Oaxaca.<\/p>\n\n\n\n<p>El d\u00eda 3 fue ejecutada otra mujer en Miahuatl\u00e1n de Porfirio D\u00edaz y el 4 de diciembre otra femenina, en San Antonino Castillo Velasco, mientras laboraba en su local de lavander\u00eda de ropa.<\/p>\n\n\n\n<p>En estos cuatro casos no hay personas detenidas ni la Fiscal\u00eda General del Estado de Oaxaca ha emitido informaci\u00f3n al respecto.<\/p>\n","protected":false},"excerpt":{"rendered":"<p>Redacci\u00f3n\/Zona Roja. Oaxaca de Ju\u00e1rez, Oax., 8 de diciembre de 2020.- Este martes se registr\u00f3&hellip;<\/p>\n","protected":false},"author":2,"featured_media":21020,"comment_status":"closed","ping_status":"open","sticky":false,"template":"","format":"standard","meta":{"_lmt_disableupdate":"","_lmt_disable":"","_jetpack_memberships_contains_paid_content":false,"footnotes":""},"categories":[109,51],"tags":[826],"class_list":["post-21019","post","type-post","status-publish","format-standard","has-post-thumbnail","hentry","category-minuto-a-minuto","category-zona-roja","tag-santiago-juxtlahuaca"],"jetpack_featured_media_url":"https:\/\/zonaroja.com.mx\/wp-content\/uploads\/2020\/12\/Asesinada-Juxtlahuaca.jpg","jetpack_sharing_enabled":true,"_links":{"self":[{"href":"https:\/\/zonaroja.com.mx\/index.php?rest_route=\/wp\/v2\/posts\/21019","targetHints":{"allow":["GET"]}}],"collection":[{"href":"https:\/\/zonaroja.com.mx\/index.php?rest_route=\/wp\/v2\/posts"}],"about":[{"href":"https:\/\/zonaroja.com.mx\/index.php?rest_route=\/wp\/v2\/types\/post"}],"author":[{"embeddable":true,"href":"https:\/\/zonaroja.com.mx\/index.php?rest_route=\/wp\/v2\/users\/2"}],"replies":[{"embeddable":true,"href":"https:\/\/zonaroja.com.mx\/index.php?rest_route=%2Fwp%2Fv2%2Fcomments&post=21019"}],"version-history":[{"count":1,"href":"https:\/\/zonaroja.com.mx\/index.php?rest_route=\/wp\/v2\/posts\/21019\/revisions"}],"predecessor-version":[{"id":21021,"href":"https:\/\/zonaroja.com.mx\/index.php?rest_route=\/wp\/v2\/posts\/21019\/revisions\/21021"}],"wp:featuredmedia":[{"embeddable":true,"href":"https:\/\/zonaroja.com.mx\/index.php?rest_route=\/wp\/v2\/media\/21020"}],"wp:attachment":[{"href":"https:\/\/zonaroja.com.mx\/index.php?rest_route=%2Fwp%2Fv2%2Fmedia&parent=21019"}],"wp:term":[{"taxonomy":"category","embeddable":true,"href":"https:\/\/zonaroja.com.mx\/index.php?rest_route=%2Fwp%2Fv2%2Fcategories&post=21019"},{"taxonomy":"post_tag","embeddable":true,"href":"https:\/\/zonaroja.com.mx\/index.php?rest_route=%2Fwp%2Fv2%2Ftags&post=21019"}],"curies":[{"name":"wp","href":"https:\/\/api.w.org\/{rel}","templated":true}]}}