{"id":21022,"date":"2020-12-08T17:26:17","date_gmt":"2020-12-08T23:26:17","guid":{"rendered":"http:\/\/www.zonaroja.com.mx\/?p=21022"},"modified":"2020-12-08T17:26:21","modified_gmt":"2020-12-08T23:26:21","slug":"congreso-y-la-uabjo-ratifican-convenio-para-fortalecer-cultura-de-la-paz","status":"publish","type":"post","link":"https:\/\/zonaroja.com.mx\/?p=21022","title":{"rendered":"Congreso y la UABJO ratifican convenio para fortalecer Cultura de la Paz"},"content":{"rendered":"\n<p>Redacci\u00f3n\/Zona Roja.<\/p>\n\n\n\n<p>Oaxaca de Ju\u00e1rez, Oax., 8 de diciembre de 2020.- El Congreso del Estado y la Universidad Aut\u00f3noma \u201cBenito Ju\u00e1rez\u201d de Oaxaca (UABJO), ratificaron hoy un convenio marco de colaboraci\u00f3n, para la construcci\u00f3n de un programa de Cultura de la Paz para la entidad.<\/p>\n\n\n\n<p>La diputada Delfina Guzm\u00e1n D\u00edaz, presidenta de la Junta de Coordinaci\u00f3n Pol\u00edtica en la 64 Legislatura, reconoci\u00f3 la importancia de fortalecer el trabajo con la universidad, porque toda acci\u00f3n para buscar y aportar para la paz entre la sociedad oaxaque\u00f1a, es importante.<\/p>\n\n\n\n<p>Resalt\u00f3 que sea la UABJO el lugar donde se d\u00e9 forma al programa de Cultura de la Paz tan necesario para Oaxaca, en un estado diverso, en el cual al d\u00eda de hoy existen cientos de conflictos que requieren de gente profesional y con la sensibilidad para conciliar y llevar paz a los pueblos.<\/p>\n\n\n\n<p>\u201cNo s\u00f3lo en la entidad, tambi\u00e9n en el pa\u00eds y el mundo existe una descomposici\u00f3n social generada por la falta de valores. Este programa ser\u00e1 la v\u00eda para llegar a todos los sectores, los pueblos y al mismo gobierno, para lograr el camino hacia la pacificaci\u00f3n\u201d, abund\u00f3.<\/p>\n\n\n\n<figure class=\"wp-block-embed-twitter wp-block-embed is-type-rich is-provider-twitter\"><div class=\"wp-block-embed__wrapper\">\n<div class=\"twitter-tweet\"><blockquote class=\"twitter-tweet\" data-lang=\"es\"><p lang=\"es\" dir=\"ltr\">Esta ma\u00f1ana, el Rector <a href=\"https:\/\/twitter.com\/Bautistaeduardo?ref_src=twsrc%5Etfw\">@Bautistaeduardo<\/a> y la Diputada Delfina Guzm\u00e1n D\u00edaz, Presidenta de la Junta de Coordinaci\u00f3n Pol\u00edtica del <a href=\"https:\/\/twitter.com\/CongresoOaxLXIV?ref_src=twsrc%5Etfw\">@CongresoOaxLXIV<\/a>  ratificaron el convenio marco de colaboraci\u00f3n interinstitucional. <a href=\"https:\/\/t.co\/2PjX8yuJIq\">pic.twitter.com\/2PjX8yuJIq<\/a><\/p>&mdash; Comunicaci\u00f3nUABJO (@comunica_UABJO) <a href=\"https:\/\/twitter.com\/comunica_UABJO\/status\/1336387563666468866?ref_src=twsrc%5Etfw\">8 de diciembre de 2020<\/a><\/blockquote><\/div>\n<\/div><\/figure>\n\n\n\n<p>En tanto el rector de la UABJO, Eduardo Bautista Mart\u00ednez, anunci\u00f3 que la Universidad trabajar\u00e1 en este rubro de manera interinstitucional y de car\u00e1cter colectivo.<\/p>\n\n\n\n<p>\u201cIniciamos con el Congreso del Estado; pero la intenci\u00f3n es incorporar tambi\u00e9n a defensores de derechos humanos, a la Comisi\u00f3n Nacional y local, y contar con los aportes de los gobiernos federal, estatal y las organizaciones civiles\u201d, dijo.<\/p>\n\n\n\n<p>Adelant\u00f3 que el programa institucional de Cultura de la Paz, tendr\u00e1 como una de sus \u00e1reas de trabajo al Instituto de Investigaciones Sociol\u00f3gicas.<\/p>\n\n\n\n<p>Asimismo, que una de las intenciones de este programa, es aportar para la identificaci\u00f3n adecuada de diagn\u00f3sticos y propuestas para marcar rutas en formaci\u00f3n de conciliadores que hacen falta en un estado como Oaxaca.<\/p>\n","protected":false},"excerpt":{"rendered":"<p>Redacci\u00f3n\/Zona Roja. Oaxaca de Ju\u00e1rez, Oax., 8 de diciembre de 2020.- El Congreso del Estado&hellip;<\/p>\n","protected":false},"author":2,"featured_media":21023,"comment_status":"closed","ping_status":"open","sticky":false,"template":"","format":"standard","meta":{"_lmt_disableupdate":"","_lmt_disable":"","_jetpack_memberships_contains_paid_content":false,"footnotes":""},"categories":[109,46],"tags":[2212],"class_list":["post-21022","post","type-post","status-publish","format-standard","has-post-thumbnail","hentry","category-minuto-a-minuto","category-zona-blanca","tag-delfina-elizabeth-guzman-diaz"],"jetpack_featured_media_url":"https:\/\/zonaroja.com.mx\/wp-content\/uploads\/2020\/12\/En-representacion-del-Congreso-local-la-diputada-Delfina-Guzman-presidenta-de-la-Junta-de-Coordinacion-Politica-ratifica-elcompromiso-por-la-Cultura-de-la-Paz-en-Oaxaca.jpeg","jetpack_sharing_enabled":true,"_links":{"self":[{"href":"https:\/\/zonaroja.com.mx\/index.php?rest_route=\/wp\/v2\/posts\/21022","targetHints":{"allow":["GET"]}}],"collection":[{"href":"https:\/\/zonaroja.com.mx\/index.php?rest_route=\/wp\/v2\/posts"}],"about":[{"href":"https:\/\/zonaroja.com.mx\/index.php?rest_route=\/wp\/v2\/types\/post"}],"author":[{"embeddable":true,"href":"https:\/\/zonaroja.com.mx\/index.php?rest_route=\/wp\/v2\/users\/2"}],"replies":[{"embeddable":true,"href":"https:\/\/zonaroja.com.mx\/index.php?rest_route=%2Fwp%2Fv2%2Fcomments&post=21022"}],"version-history":[{"count":1,"href":"https:\/\/zonaroja.com.mx\/index.php?rest_route=\/wp\/v2\/posts\/21022\/revisions"}],"predecessor-version":[{"id":21024,"href":"https:\/\/zonaroja.com.mx\/index.php?rest_route=\/wp\/v2\/posts\/21022\/revisions\/21024"}],"wp:featuredmedia":[{"embeddable":true,"href":"https:\/\/zonaroja.com.mx\/index.php?rest_route=\/wp\/v2\/media\/21023"}],"wp:attachment":[{"href":"https:\/\/zonaroja.com.mx\/index.php?rest_route=%2Fwp%2Fv2%2Fmedia&parent=21022"}],"wp:term":[{"taxonomy":"category","embeddable":true,"href":"https:\/\/zonaroja.com.mx\/index.php?rest_route=%2Fwp%2Fv2%2Fcategories&post=21022"},{"taxonomy":"post_tag","embeddable":true,"href":"https:\/\/zonaroja.com.mx\/index.php?rest_route=%2Fwp%2Fv2%2Ftags&post=21022"}],"curies":[{"name":"wp","href":"https:\/\/api.w.org\/{rel}","templated":true}]}}