{"id":21025,"date":"2020-12-08T19:46:29","date_gmt":"2020-12-09T01:46:29","guid":{"rendered":"http:\/\/www.zonaroja.com.mx\/?p=21025"},"modified":"2020-12-08T19:46:32","modified_gmt":"2020-12-09T01:46:32","slug":"continuan-asaltos-en-tuxtepec-diciembre-arranca-con-cuatro","status":"publish","type":"post","link":"https:\/\/zonaroja.com.mx\/?p=21025","title":{"rendered":"Contin\u00faan asaltos en Tuxtepec; diciembre arranca con cuatro"},"content":{"rendered":"\n<p>Redacci\u00f3n\/Zona Roja.<\/p>\n\n\n\n<p>Oaxaca de Ju\u00e1rez, Oax., 8 de diciembre de 2020.- La inseguridad en el municipio de San Juan Bautista Tuxtepec contin\u00faa y los robos a establecimientos se han convertido en un delito cada vez m\u00e1s com\u00fan en el pleno centro de la ciudad.<\/p>\n\n\n\n<p>La tarde de este martes, se report\u00f3 el robo a mano armada a un transe\u00fante afuera de una tienda departamental, en la avenida Libertad. Los asaltantes huyeron a bordo de una motocicleta.<\/p>\n\n\n\n<p>A este hecho se suman los reportados este lunes 7 de diciembre, con la ejecuci\u00f3n de tres asaltos a mano armada a farmacias y tienda de conveniencia, siendo este \u00faltimo tipo de establecimiento los que m\u00e1s han sido v\u00edctimas de robos.<\/p>\n\n\n\n<p>Los hechos se registraron, en una farmacia ubicada en la avenida Libertad, en pleno centro de la ciudad.<\/p>\n\n\n\n<p>As\u00ed como a pocas cuadras, en la misma zona del casco urbano, otra farmacia instalada en sobre el bulevar Manuel \u00c1vila Camacho, fue v\u00edctima de la delincuencia. Mientras que, en la periferia, una tienda de conveniencia sufri\u00f3 otro atraco.<\/p>\n\n\n\n<p>De acuerdo con los reportes policiales, los asaltos se llevaron a cabo con el uso de armas de fuego para amedrentar a los empleados de los negocios, as\u00ed como que los hampones huyeron a bordo de motos.<\/p>\n\n\n\n<p>Con estos hechos se abre la cuenta de los delitos en el mes diciembre para Tuxtepec, mientras que en las primeras tres semanas de noviembre la Polic\u00eda Municipal report\u00f3 la comisi\u00f3n de 22 hechos de este tipo.<\/p>\n","protected":false},"excerpt":{"rendered":"<p>Redacci\u00f3n\/Zona Roja. Oaxaca de Ju\u00e1rez, Oax., 8 de diciembre de 2020.- La inseguridad en el&hellip;<\/p>\n","protected":false},"author":2,"featured_media":17516,"comment_status":"closed","ping_status":"open","sticky":false,"template":"","format":"standard","meta":{"_lmt_disableupdate":"","_lmt_disable":"","_jetpack_memberships_contains_paid_content":false,"footnotes":""},"categories":[109,47],"tags":[118],"class_list":["post-21025","post","type-post","status-publish","format-standard","has-post-thumbnail","hentry","category-minuto-a-minuto","category-zona-gris","tag-san-juan-bautista-tuxtepec"],"jetpack_featured_media_url":"https:\/\/zonaroja.com.mx\/wp-content\/uploads\/2020\/09\/Protesta-feministas-Tuxtepec.jpg","jetpack_sharing_enabled":true,"_links":{"self":[{"href":"https:\/\/zonaroja.com.mx\/index.php?rest_route=\/wp\/v2\/posts\/21025","targetHints":{"allow":["GET"]}}],"collection":[{"href":"https:\/\/zonaroja.com.mx\/index.php?rest_route=\/wp\/v2\/posts"}],"about":[{"href":"https:\/\/zonaroja.com.mx\/index.php?rest_route=\/wp\/v2\/types\/post"}],"author":[{"embeddable":true,"href":"https:\/\/zonaroja.com.mx\/index.php?rest_route=\/wp\/v2\/users\/2"}],"replies":[{"embeddable":true,"href":"https:\/\/zonaroja.com.mx\/index.php?rest_route=%2Fwp%2Fv2%2Fcomments&post=21025"}],"version-history":[{"count":1,"href":"https:\/\/zonaroja.com.mx\/index.php?rest_route=\/wp\/v2\/posts\/21025\/revisions"}],"predecessor-version":[{"id":21026,"href":"https:\/\/zonaroja.com.mx\/index.php?rest_route=\/wp\/v2\/posts\/21025\/revisions\/21026"}],"wp:featuredmedia":[{"embeddable":true,"href":"https:\/\/zonaroja.com.mx\/index.php?rest_route=\/wp\/v2\/media\/17516"}],"wp:attachment":[{"href":"https:\/\/zonaroja.com.mx\/index.php?rest_route=%2Fwp%2Fv2%2Fmedia&parent=21025"}],"wp:term":[{"taxonomy":"category","embeddable":true,"href":"https:\/\/zonaroja.com.mx\/index.php?rest_route=%2Fwp%2Fv2%2Fcategories&post=21025"},{"taxonomy":"post_tag","embeddable":true,"href":"https:\/\/zonaroja.com.mx\/index.php?rest_route=%2Fwp%2Fv2%2Ftags&post=21025"}],"curies":[{"name":"wp","href":"https:\/\/api.w.org\/{rel}","templated":true}]}}