{"id":21027,"date":"2020-12-08T20:57:31","date_gmt":"2020-12-09T02:57:31","guid":{"rendered":"http:\/\/www.zonaroja.com.mx\/?p=21027"},"modified":"2020-12-08T20:57:35","modified_gmt":"2020-12-09T02:57:35","slug":"sigue-la-inconformidad-en-zona-mixe-demandan-aguaparaayutlaya","status":"publish","type":"post","link":"https:\/\/zonaroja.com.mx\/?p=21027","title":{"rendered":"Sigue la inconformidad en zona Mixe; demandan #AguaParaAyutlaYa"},"content":{"rendered":"\n<p>Evlin Arag\u00f3n\/Zona Roja.<\/p>\n\n\n\n<p>Oaxaca de Ju\u00e1rez, Oax., 8 de diciembre de 2020.- \u201cQue venga y que nos d\u00e9 la cara a toda una comunidad\u201d, reclamaron habitantes de San Pedro y San Pablo Ayutla Mixe al gobernador de Oaxaca, Alejandro Murat Hinojosa.<\/p>\n\n\n\n<p>Ello, porque seg\u00fan denunciaron, el mandatario en dos ocasiones ha simulado una soluci\u00f3n al conflicto para difundirlo en medios de comunicaci\u00f3n como un logro, toda vez que la consigna \u201cAgua para Ayutla ya\u201d se ha hecho viral en las redes sociales.&nbsp;<\/p>\n\n\n\n<p>\u201cEl pozo no sustituye el derecho que tenemos a la reconexi\u00f3n al manantial\u201d, aseguraron en un video los pobladores de la etnia Mixe, que insisten en calificar como montaje, la construcci\u00f3n de un pozo para agua potable, que dur\u00f3 abierto pocas horas, pues luego fue cancelado con cemento.<\/p>\n\n\n\n<p>Decenas de personas se dieron cita al lugar en el que las autoridades de la Comisi\u00f3n Estatal del Agua (CEA), encabezadas por H\u00e9ctor Pablo Ram\u00edrez Puga, realizan los trabajos de un pozo profundo como alternativa para la falta del vital l\u00edquido que padece desde hace m\u00e1s de tres a\u00f1os la comunidad, debido a un conflicto con sus vecinos de Tamazul\u00e1pam del Esp\u00edritu Santo.&nbsp;<\/p>\n\n\n\n<p>Recordaron que la comunidad cuenta con un manantial del que fue despojada de forma violenta desde el 2017, por lo que iniciaron un procedimiento legal que dio como resultado una resoluci\u00f3n a su favor, la cual instruye a la autoridad estatal realizar la reconexi\u00f3n a fin de garantizar el derecho al agua.&nbsp;<\/p>\n\n\n\n<p>\u201cEl manantial es nuestro, nos fue despojado y el Gobernador del Estado ha hecho caso omiso para que se nos haga justicia al amparo ganado. Nosotros no nos oponemos a la construcci\u00f3n y distribuci\u00f3n del pozo que quede bien claro y llegue a los o\u00eddos del gobernador, pero eso no sustituye el derecho a la reconexi\u00f3n a nuestro manantial\u201d, se escucha en un video que se difundi\u00f3 en las plataformas digitales.&nbsp;<\/p>\n\n\n\n<p>Por su parte Betiluo Flores, regidor de Ecolog\u00eda, asegur\u00f3 que han insistido en la urgente reconexi\u00f3n del manantial y que reconocen el pozo como una alternativa, pero no como una soluci\u00f3n como la han querido vender las autoridades ante los medios de comunicaci\u00f3n.&nbsp;<\/p>\n\n\n\n<p>De hecho, dio a conocer que dicho pozo solo tuvo agua el fin de semana mientras se tomaron las fotos las autoridades estatales, incluidas el gobernador Alejandro Murat y el titular de la CEA, H\u00e9ctor Pablo Ram\u00edrez Puga, quien adem\u00e1s no les ha compartido el expediente del proyecto que tiene una inversi\u00f3n de 4.7 millones de pesos.&nbsp;<\/p>\n\n\n\n<p>\u201cYo no entiendo porque el gobierno se prest\u00f3 a ese proyecto. La inversi\u00f3n no se hubiera necesitado si estuvi\u00e9ramos trabajando con el manantial, ah\u00ed se hubiera ahorrado todo ese dinero que se est\u00e1 gastando en vano porque no nos est\u00e1n garantizando el acceso al agua\u201d, dijo.&nbsp;<\/p>\n\n\n\n<p>Finalmente, habitantes de la localidad defendieron a la activista Y\u00e1snaya Aguilar, quien fue atacada en redes sociales por funcionarios p\u00fablicos, dentro de ellos H\u00e9ctor Pablo Ram\u00edrez Puga, que al parecer desconoc\u00eda que se trataba de la reconocida ling\u00fcista que ha encabezado la exigencia de justicia para la comunidad.<\/p>\n\n\n\n<p>\u201cPor si no lo sabe, no puede saber m\u00e1s el se\u00f1or Puga que Y\u00e1snaya. Y\u00e1snaya aqu\u00ed naci\u00f3, aqu\u00ed creci\u00f3 y aqu\u00ed vive. Es una persona preparada, una ling\u00fcista que nosotros avalamos, que gracias a Dios estudi\u00f3 con sus propios medios y est\u00e1 defendiendo a su comunidad. No puede saber m\u00e1s una persona ajena a nuestra comunidad\u201d.&nbsp;<\/p>\n\n\n\n<p>Desde el lugar donde fue instalado el pozo, a\u00fan sin funcionar, indicaron que queda demostrado que se trata de un montaje y una simulaci\u00f3n por parte de las autoridades estatales.&nbsp;<\/p>\n\n\n\n<p>\u201cAdem\u00e1s el agua est\u00e1 sucia, que venga el gobernador y la tome. Eso pido. No m\u00e1s simulaciones, agua para Ayutla YA\u201d, remarcaron.<\/p>\n","protected":false},"excerpt":{"rendered":"<p>Evlin Arag\u00f3n\/Zona Roja. Oaxaca de Ju\u00e1rez, Oax., 8 de diciembre de 2020.- \u201cQue venga y&hellip;<\/p>\n","protected":false},"author":2,"featured_media":21028,"comment_status":"closed","ping_status":"open","sticky":false,"template":"","format":"standard","meta":{"_lmt_disableupdate":"","_lmt_disable":"","_jetpack_memberships_contains_paid_content":false,"footnotes":""},"categories":[109,47],"tags":[501],"class_list":["post-21027","post","type-post","status-publish","format-standard","has-post-thumbnail","hentry","category-minuto-a-minuto","category-zona-gris","tag-san-pedro-y-san-pablo-ayutla-mixe"],"jetpack_featured_media_url":"https:\/\/zonaroja.com.mx\/wp-content\/uploads\/2020\/12\/Agua-para-Ayutla-ya.jpg","jetpack_sharing_enabled":true,"_links":{"self":[{"href":"https:\/\/zonaroja.com.mx\/index.php?rest_route=\/wp\/v2\/posts\/21027","targetHints":{"allow":["GET"]}}],"collection":[{"href":"https:\/\/zonaroja.com.mx\/index.php?rest_route=\/wp\/v2\/posts"}],"about":[{"href":"https:\/\/zonaroja.com.mx\/index.php?rest_route=\/wp\/v2\/types\/post"}],"author":[{"embeddable":true,"href":"https:\/\/zonaroja.com.mx\/index.php?rest_route=\/wp\/v2\/users\/2"}],"replies":[{"embeddable":true,"href":"https:\/\/zonaroja.com.mx\/index.php?rest_route=%2Fwp%2Fv2%2Fcomments&post=21027"}],"version-history":[{"count":1,"href":"https:\/\/zonaroja.com.mx\/index.php?rest_route=\/wp\/v2\/posts\/21027\/revisions"}],"predecessor-version":[{"id":21029,"href":"https:\/\/zonaroja.com.mx\/index.php?rest_route=\/wp\/v2\/posts\/21027\/revisions\/21029"}],"wp:featuredmedia":[{"embeddable":true,"href":"https:\/\/zonaroja.com.mx\/index.php?rest_route=\/wp\/v2\/media\/21028"}],"wp:attachment":[{"href":"https:\/\/zonaroja.com.mx\/index.php?rest_route=%2Fwp%2Fv2%2Fmedia&parent=21027"}],"wp:term":[{"taxonomy":"category","embeddable":true,"href":"https:\/\/zonaroja.com.mx\/index.php?rest_route=%2Fwp%2Fv2%2Fcategories&post=21027"},{"taxonomy":"post_tag","embeddable":true,"href":"https:\/\/zonaroja.com.mx\/index.php?rest_route=%2Fwp%2Fv2%2Ftags&post=21027"}],"curies":[{"name":"wp","href":"https:\/\/api.w.org\/{rel}","templated":true}]}}