{"id":21030,"date":"2020-12-08T21:44:18","date_gmt":"2020-12-09T03:44:18","guid":{"rendered":"http:\/\/www.zonaroja.com.mx\/?p=21030"},"modified":"2020-12-08T21:44:22","modified_gmt":"2020-12-09T03:44:22","slug":"creciente-violencia-feminicida-en-valles-centrales-de-oaxaca","status":"publish","type":"post","link":"https:\/\/zonaroja.com.mx\/?p=21030","title":{"rendered":"Creciente violencia feminicida en Valles Centrales de Oaxaca"},"content":{"rendered":"\n<p>Yuridiana Sosa\/Zona Roja.<\/p>\n\n\n\n<p>Oaxaca de Ju\u00e1rez, Oax., 8 de diciembre de 2020.- La violencia de g\u00e9nero y feminicida en Oaxaca sigue imparable.<\/p>\n\n\n\n<p>Y la regi\u00f3n de Valles Centrales se ha convertido en la zona m\u00e1s peligrosa para la integridad y la vida de las mujeres, con la ocurrencia del 42 por ciento del total de agresiones en la entidad.<\/p>\n\n\n\n<p>De acuerdo con la Plataforma de Violencia Feminicida, de la asociaci\u00f3n civil Consorcio Oaxaca, de los delitos contra las mujeres del 1 de diciembre de 2016 al 7 de diciembre de 2020, en Valles Centrales se han registrado 993 agresiones, convirti\u00e9ndose a su vez el distrito Centro y el distrito Etla los que acumulan m\u00e1s delitos.<\/p>\n\n\n\n<p>Asimismo, destaca que en dicha regi\u00f3n se han reportado 524 desaparecidas; 200 v\u00edctimas de violencia familiar; 129 delitos sexuales; 102 feminicidios; 31 suicidios y siete casos de violencia pol\u00edtica de g\u00e9nero.<\/p>\n\n\n\n<p>Estos datos los ofreci\u00f3 con relaci\u00f3n a la conmemoraci\u00f3n del D\u00eda Mundial de los Derechos Humanos, que se efect\u00faa el pr\u00f3ximo 10 de diciembre.<\/p>\n\n\n\n<p>\u201cLa violencia mis\u00f3gina y machista contra mujeres y ni\u00f1as se incrementa de manera preocupante en Oaxaca\u201d, sentenci\u00f3 la organizaci\u00f3n, la cual tambi\u00e9n realiz\u00f3 un llamado urgente a las autoridades municipales, estatales y federales para que realicen acciones contundentes que prevengan y sancionen la violencia contra las mujeres en la entidad.<\/p>\n\n\n\n<p>En el actual sexenio se reportaron mil 14 mujeres desaparecidas y 478 mujeres y v\u00edctimas de feminicidio, as\u00ed como de otras graves violaciones por raz\u00f3n, identidad de g\u00e9nero o por su orientaci\u00f3n sexual.<\/p>\n\n\n\n<p>Consorcio Oaxaca dio a conocer que de los siete distritos que conforman los Valles Centrales, la cifra m\u00e1s alta de mujeres desaparecidas y feminicidios se concentran en el distrito Centro, con 351 desapariciones y 50 feminicidios, as\u00ed como el distrito de Etla, con 72 desaparecidas y 10 feminicidios.<\/p>\n\n\n\n<p>Pero s\u00f3lo en cinco municipios del distrito Centro se concentra el 86 por ciento de los casos de mujeres desaparecidas en la regi\u00f3n. Sobresale Oaxaca de Ju\u00e1rez con 199 casos; Santa Cruz Xoxocotl\u00e1n, 38 casos; Santa Luc\u00eda del Camino, 35 hechos; San Antonio de la Cal, 17 y Santa Mar\u00eda Atzompa, 14 casos.<\/p>\n\n\n\n<p>Por los feminicidios, en Oaxaca de Ju\u00e1rez son 23 casos; Santa Cruz Xoxocotl\u00e1n,10; Santa Mar\u00eda Atzompa, seis casos y San Antonio de la Cal con cuatro.<\/p>\n\n\n\n<p>Mientras que en el distrito de Etla ha ocurrido el mayor n\u00famero de desapariciones de mujeres en los Valles Centrales. Los casos se han reportado en San Pablo Etla, con 10; Villa de Etla, 9 y San Lorenzo Cacaotepec, ocho casos.<\/p>\n\n\n\n<p>De esta forma, la organizaci\u00f3n detall\u00f3 que en el distrito de Etla son siete municipios donde se registran los feminicidios: San Andr\u00e9s Zautla, San Pablo Etla y San Pablo Huitzo, con dos casos respectivamente; San Lorenzo Cacaotepec, Villa de Etla, Santiago Suchilquitongo, Santiago Tlazayoltepec y Reyes Etla, registran un caso respectivamente.<\/p>\n\n\n\n<p>Durante el 2020, el 85 por ciento de las desapariciones de mujeres &#8211;de 332 casos&#8211;&nbsp; han ocurrido dentro del periodo de pandemia, es decir del 21 de marzo de 2020 a la fecha.<\/p>\n\n\n\n<p>Mientras que el 69 por ciento de feminicidios registrados en el a\u00f1o &#8211;97 casos&#8211; tambi\u00e9n se han registrado en medio de la contingencia sanitaria.<\/p>\n","protected":false},"excerpt":{"rendered":"<p>Yuridiana Sosa\/Zona Roja. Oaxaca de Ju\u00e1rez, Oax., 8 de diciembre de 2020.- La violencia de&hellip;<\/p>\n","protected":false},"author":2,"featured_media":15958,"comment_status":"closed","ping_status":"open","sticky":false,"template":"","format":"standard","meta":{"_lmt_disableupdate":"","_lmt_disable":"","_jetpack_memberships_contains_paid_content":false,"footnotes":""},"categories":[109,47],"tags":[610],"class_list":["post-21030","post","type-post","status-publish","format-standard","has-post-thumbnail","hentry","category-minuto-a-minuto","category-zona-gris","tag-feminicidios-oaxaca"],"jetpack_featured_media_url":"https:\/\/zonaroja.com.mx\/wp-content\/uploads\/2020\/08\/Violencia-de-g\u00e9nero-feminicidios-Oaxaca.png","jetpack_sharing_enabled":true,"_links":{"self":[{"href":"https:\/\/zonaroja.com.mx\/index.php?rest_route=\/wp\/v2\/posts\/21030","targetHints":{"allow":["GET"]}}],"collection":[{"href":"https:\/\/zonaroja.com.mx\/index.php?rest_route=\/wp\/v2\/posts"}],"about":[{"href":"https:\/\/zonaroja.com.mx\/index.php?rest_route=\/wp\/v2\/types\/post"}],"author":[{"embeddable":true,"href":"https:\/\/zonaroja.com.mx\/index.php?rest_route=\/wp\/v2\/users\/2"}],"replies":[{"embeddable":true,"href":"https:\/\/zonaroja.com.mx\/index.php?rest_route=%2Fwp%2Fv2%2Fcomments&post=21030"}],"version-history":[{"count":1,"href":"https:\/\/zonaroja.com.mx\/index.php?rest_route=\/wp\/v2\/posts\/21030\/revisions"}],"predecessor-version":[{"id":21031,"href":"https:\/\/zonaroja.com.mx\/index.php?rest_route=\/wp\/v2\/posts\/21030\/revisions\/21031"}],"wp:featuredmedia":[{"embeddable":true,"href":"https:\/\/zonaroja.com.mx\/index.php?rest_route=\/wp\/v2\/media\/15958"}],"wp:attachment":[{"href":"https:\/\/zonaroja.com.mx\/index.php?rest_route=%2Fwp%2Fv2%2Fmedia&parent=21030"}],"wp:term":[{"taxonomy":"category","embeddable":true,"href":"https:\/\/zonaroja.com.mx\/index.php?rest_route=%2Fwp%2Fv2%2Fcategories&post=21030"},{"taxonomy":"post_tag","embeddable":true,"href":"https:\/\/zonaroja.com.mx\/index.php?rest_route=%2Fwp%2Fv2%2Ftags&post=21030"}],"curies":[{"name":"wp","href":"https:\/\/api.w.org\/{rel}","templated":true}]}}