{"id":21035,"date":"2020-12-09T07:51:20","date_gmt":"2020-12-09T13:51:20","guid":{"rendered":"http:\/\/www.zonaroja.com.mx\/?p=21035"},"modified":"2020-12-09T07:51:24","modified_gmt":"2020-12-09T13:51:24","slug":"identifican-a-persona-ejecutada-en-san-antonio-de-la-cal","status":"publish","type":"post","link":"https:\/\/zonaroja.com.mx\/?p=21035","title":{"rendered":"Identifican a persona ejecutada en San Antonio de la Cal"},"content":{"rendered":"\n<p>Redacci\u00f3n\/Zona Roja.<\/p>\n\n\n\n<p>Oaxaca de Ju\u00e1rez, Oax., 9 de diciembre de 2020.- Como Eleazar G. P., de 51 a\u00f1os de edad, fue identificada la persona ejecutada ayer en San Antonio de la Cal, municipio conurbado a la ciudad de Oaxaca por la zona sur.<\/p>\n\n\n\n<p>Seg\u00fan reportes policiacos preliminares, los hechos sucedieron alrededor de las 10:00 horas, en que dos sujetos, a bordo de una motocicleta, arribaron al local de lavado de autos \u201cGarc\u00eda\u201d, ubicado en la calle Aldama casi esquina Mina, cerca del palacio municipal.<\/p>\n\n\n\n<p>De inmediato se dirigieron al propietario del lugar, quien se hallaba con un trabajador, y lo asesinaron a balazos, tras lo cual huyeron, sin que fueran interceptados por la polic\u00eda municipal.<\/p>\n\n\n\n<p>En el sitio dejaron un presunto mensaje de grupos delictivos: \u201cEmpeso la limpia. As\u00ed van acbvar todos los putos chapulines, abranse a la v\u2026\u201d.<\/p>\n\n\n\n<p>A pesar de que en c\u00e9ntricas calles de la poblaci\u00f3n &#8211;que mantiene un conflicto poselectoral&#8211;, no hay mayores pistas de los probables autores de la ejecuci\u00f3n.<\/p>\n\n\n\n<figure class=\"wp-block-embed-twitter wp-block-embed is-type-rich is-provider-twitter\"><div class=\"wp-block-embed__wrapper\">\n<div class=\"twitter-tweet\"><blockquote class=\"twitter-tweet\" data-lang=\"es\"><p lang=\"es\" dir=\"ltr\"><a href=\"https:\/\/twitter.com\/hashtag\/OaxacaRojo?src=hash&amp;ref_src=twsrc%5Etfw\">#OaxacaRojo<\/a> <br>En un lavaautos de la calle Aldama del municipio de San Antonio de la Cal -a unas cuadras de una de las sedes de la <a href=\"https:\/\/twitter.com\/FISCALIA_GobOax?ref_src=twsrc%5Etfw\">@FISCALIA_GobOax<\/a>&#8211; fue asesinado a balazos esta ma\u00f1ana una persona del sexo masculino. <a href=\"https:\/\/t.co\/PjPuo3UE1A\">pic.twitter.com\/PjPuo3UE1A<\/a><\/p>&mdash; Zona Roja Oaxaca (@MexRoja) <a href=\"https:\/\/twitter.com\/MexRoja\/status\/1336358915202805763?ref_src=twsrc%5Etfw\">8 de diciembre de 2020<\/a><\/blockquote><\/div>\n<\/div><\/figure>\n\n\n\n<p>ZONA MIXE ARDE<\/p>\n\n\n\n<p>Por otra parte, hasta el momento autoridades de la Secretar\u00eda de Seguridad P\u00fablica de Oaxaca y de la Fiscal\u00eda General del Estado guardan hermetismo respecto a probables hechos violentos sucedidos en la regi\u00f3n del Istmo, colindante con la zona Mixe.<\/p>\n\n\n\n<p>Anoche, a trav\u00e9s de las redes sociales, pobladores de Loma de Santa Cruz, perteneciente a San Juan Mazatl\u00e1n Mixe, pidieron auxilio al denunciar una tragedia.<\/p>\n\n\n\n<p>\u201cReportan incendio de casas, un ejecutado, heridos. Otros fueron desalojados de sus viviendas. Otros ya lograron ponerse a salvo en la localidad de Platanillo, Santo Domingo Petapa\u201d, difundieron, lo cual no ha sido confirmado de manera oficial.<\/p>\n","protected":false},"excerpt":{"rendered":"<p>Redacci\u00f3n\/Zona Roja. Oaxaca de Ju\u00e1rez, Oax., 9 de diciembre de 2020.- Como Eleazar G. P.,&hellip;<\/p>\n","protected":false},"author":2,"featured_media":21036,"comment_status":"closed","ping_status":"open","sticky":false,"template":"","format":"standard","meta":{"_lmt_disableupdate":"","_lmt_disable":"","_jetpack_memberships_contains_paid_content":false,"footnotes":""},"categories":[109,51],"tags":[875],"class_list":["post-21035","post","type-post","status-publish","format-standard","has-post-thumbnail","hentry","category-minuto-a-minuto","category-zona-roja","tag-san-antonio-de-la-cal"],"jetpack_featured_media_url":"https:\/\/zonaroja.com.mx\/wp-content\/uploads\/2020\/12\/Ejecutado-San-Antonio-de-la-Cak.jpg","jetpack_sharing_enabled":true,"_links":{"self":[{"href":"https:\/\/zonaroja.com.mx\/index.php?rest_route=\/wp\/v2\/posts\/21035","targetHints":{"allow":["GET"]}}],"collection":[{"href":"https:\/\/zonaroja.com.mx\/index.php?rest_route=\/wp\/v2\/posts"}],"about":[{"href":"https:\/\/zonaroja.com.mx\/index.php?rest_route=\/wp\/v2\/types\/post"}],"author":[{"embeddable":true,"href":"https:\/\/zonaroja.com.mx\/index.php?rest_route=\/wp\/v2\/users\/2"}],"replies":[{"embeddable":true,"href":"https:\/\/zonaroja.com.mx\/index.php?rest_route=%2Fwp%2Fv2%2Fcomments&post=21035"}],"version-history":[{"count":1,"href":"https:\/\/zonaroja.com.mx\/index.php?rest_route=\/wp\/v2\/posts\/21035\/revisions"}],"predecessor-version":[{"id":21037,"href":"https:\/\/zonaroja.com.mx\/index.php?rest_route=\/wp\/v2\/posts\/21035\/revisions\/21037"}],"wp:featuredmedia":[{"embeddable":true,"href":"https:\/\/zonaroja.com.mx\/index.php?rest_route=\/wp\/v2\/media\/21036"}],"wp:attachment":[{"href":"https:\/\/zonaroja.com.mx\/index.php?rest_route=%2Fwp%2Fv2%2Fmedia&parent=21035"}],"wp:term":[{"taxonomy":"category","embeddable":true,"href":"https:\/\/zonaroja.com.mx\/index.php?rest_route=%2Fwp%2Fv2%2Fcategories&post=21035"},{"taxonomy":"post_tag","embeddable":true,"href":"https:\/\/zonaroja.com.mx\/index.php?rest_route=%2Fwp%2Fv2%2Ftags&post=21035"}],"curies":[{"name":"wp","href":"https:\/\/api.w.org\/{rel}","templated":true}]}}