{"id":21042,"date":"2020-12-09T10:15:24","date_gmt":"2020-12-09T16:15:24","guid":{"rendered":"http:\/\/www.zonaroja.com.mx\/?p=21042"},"modified":"2020-12-09T10:15:31","modified_gmt":"2020-12-09T16:15:31","slug":"sin-atencion-a-retenidos-en-atatlahuca-hay-graves-antecedentes-de-violencia","status":"publish","type":"post","link":"https:\/\/zonaroja.com.mx\/?p=21042","title":{"rendered":"Sin atenci\u00f3n a retenidos en Atatlahuca; hay graves antecedentes de violencia"},"content":{"rendered":"\n<p>Redacci\u00f3n\/Zona Roja.<\/p>\n\n\n\n<p>Oaxaca de Ju\u00e1rez, Oax., 9 de diciembre de 2020.- A nueve d\u00edas, permanecen retenidas en Mier y Ter\u00e1n, San Esteban Atatlahuca, dos personas, Antonia Sandoval Bautista y el se\u00f1or Froil\u00e1n Bautista Garc\u00eda, sin que tenga \u00e9xito la intervenci\u00f3n de la Secretar\u00eda General de Gobierno de Oaxaca (Segego).<\/p>\n\n\n\n<p>En tanto, el Centro de Derechos Humanos y Asesor\u00eda a Pueblos Ind\u00edgenas (Cedhapi) se deslind\u00f3 de participar de este hecho y se pronunci\u00f3 por la inmediata libertad de las personas, as\u00ed como por el respeto a sus derechos humanos.<\/p>\n\n\n\n<p>Record\u00f3 que en ese municipio han ocurrido una serie de hechos violentos, que contin\u00faan en la impunidad, como es el reciente caso.<\/p>\n\n\n\n<p>Como el registrado el 8 de noviembre del 2019, en que la defensora del bosque Irma Galindo fue reportada como persona desaparecida, en un clima de violencia en el municipio de San Esteban Atatlahuca.<\/p>\n\n\n\n<p>Por lo cual a petici\u00f3n de organismos defensores de derechos humanos a nivel nacional e internacional y acudieron a la comunidad &nbsp;de Mier y Ter\u00e1n en b\u00fasqueda de la defensora Irma Galindo.<\/p>\n\n\n\n<p>\u201cEn esa ocasi\u00f3n se nos inform\u00f3 la situaci\u00f3n de violencia que imperaba en la zona y que la defensora hab\u00eda salido de la regi\u00f3n, ya que le hab\u00edan quemado su casa, situaci\u00f3n que se inform\u00f3 a los diferentes organismos de derechos humanos a nivel nacional e internacional\u201d, expuso en un comunicado.<\/p>\n\n\n\n<p>Detall\u00f3 que en d\u00edas recientes Irma Galindo regres\u00f3 a la regi\u00f3n Mixteca despu\u00e9s de estar casi un a\u00f1o fuera del pa\u00eds para poder salvaguardar su integridad f\u00edsica y por lo cual Cedhapi A.C le ha dado acompa\u00f1amiento y ha solicitado protecci\u00f3n a dicha persona en su calidad de defensora de derechos humanos.<\/p>\n\n\n\n<p>\u201cEs importante referir que existe un conflicto pol\u00edtico, agrario, social y forestal entre habitantes de tres comunidades que son Mier y Ter\u00e1n, Guerrero Grande y Ndoyonuyuji con el municipio&nbsp; de San Esteban Atatlahuca y que dicho conflicto debe ser resuelto por la v\u00eda del dialogo y con intervenci\u00f3n pac\u00edfica de las autoridades competentes\u201d, remarc\u00f3.<\/p>\n\n\n\n<p>Exigi\u00f3 a la Secretar\u00eda General de Gobierno que intervenga y que por v\u00eda del di\u00e1logo procure la liberaci\u00f3n inmediata de las personas que se encuentran retenidas y tambi\u00e9n escuche y resuelva los diferentes problemas que acontecen y afectan a&nbsp; habitantes de las comunidades a fin de que se prevenga una situaci\u00f3n de violencia grave en la zona.<\/p>\n","protected":false},"excerpt":{"rendered":"<p>Redacci\u00f3n\/Zona Roja. Oaxaca de Ju\u00e1rez, Oax., 9 de diciembre de 2020.- A nueve d\u00edas, permanecen&hellip;<\/p>\n","protected":false},"author":2,"featured_media":21043,"comment_status":"closed","ping_status":"open","sticky":false,"template":"","format":"standard","meta":{"_lmt_disableupdate":"","_lmt_disable":"","_jetpack_memberships_contains_paid_content":false,"footnotes":""},"categories":[109,47],"tags":[1025],"class_list":["post-21042","post","type-post","status-publish","format-standard","has-post-thumbnail","hentry","category-minuto-a-minuto","category-zona-gris","tag-san-esteban-atatlahuca"],"jetpack_featured_media_url":"https:\/\/zonaroja.com.mx\/wp-content\/uploads\/2020\/12\/San-Esteban-Atatlahuca.jpg","jetpack_sharing_enabled":true,"_links":{"self":[{"href":"https:\/\/zonaroja.com.mx\/index.php?rest_route=\/wp\/v2\/posts\/21042","targetHints":{"allow":["GET"]}}],"collection":[{"href":"https:\/\/zonaroja.com.mx\/index.php?rest_route=\/wp\/v2\/posts"}],"about":[{"href":"https:\/\/zonaroja.com.mx\/index.php?rest_route=\/wp\/v2\/types\/post"}],"author":[{"embeddable":true,"href":"https:\/\/zonaroja.com.mx\/index.php?rest_route=\/wp\/v2\/users\/2"}],"replies":[{"embeddable":true,"href":"https:\/\/zonaroja.com.mx\/index.php?rest_route=%2Fwp%2Fv2%2Fcomments&post=21042"}],"version-history":[{"count":1,"href":"https:\/\/zonaroja.com.mx\/index.php?rest_route=\/wp\/v2\/posts\/21042\/revisions"}],"predecessor-version":[{"id":21044,"href":"https:\/\/zonaroja.com.mx\/index.php?rest_route=\/wp\/v2\/posts\/21042\/revisions\/21044"}],"wp:featuredmedia":[{"embeddable":true,"href":"https:\/\/zonaroja.com.mx\/index.php?rest_route=\/wp\/v2\/media\/21043"}],"wp:attachment":[{"href":"https:\/\/zonaroja.com.mx\/index.php?rest_route=%2Fwp%2Fv2%2Fmedia&parent=21042"}],"wp:term":[{"taxonomy":"category","embeddable":true,"href":"https:\/\/zonaroja.com.mx\/index.php?rest_route=%2Fwp%2Fv2%2Fcategories&post=21042"},{"taxonomy":"post_tag","embeddable":true,"href":"https:\/\/zonaroja.com.mx\/index.php?rest_route=%2Fwp%2Fv2%2Ftags&post=21042"}],"curies":[{"name":"wp","href":"https:\/\/api.w.org\/{rel}","templated":true}]}}