{"id":21049,"date":"2020-12-09T15:07:52","date_gmt":"2020-12-09T21:07:52","guid":{"rendered":"https:\/\/www.zonaroja.com.mx\/?p=21049"},"modified":"2020-12-09T15:07:54","modified_gmt":"2020-12-09T21:07:54","slug":"eufrosina-cruz-mendoza-finalista-en-los-premios-internacionales-global-citizens","status":"publish","type":"post","link":"https:\/\/zonaroja.com.mx\/?p=21049","title":{"rendered":"Eufrosina Cruz Mendoza, finalista en los premios internacionales Global Citizens"},"content":{"rendered":"\n<p class=\"MsoNormal\">Evlin Arag\u00f3n\/ Zona Roja. <\/p>\n\n\n\n<p class=\"MsoNormal\">Oaxaca de Ju\u00e1rez, Oax., 9 de diciembre de 2020.- La oaxaque\u00f1a Eufrosina Cruz Mendoza, hoy titular de la Secretar\u00eda de Pueblos Ind\u00edgena y Afromexicanos, ha sido reconocida como una <a href=\"\/\/2\">de las cinco<\/a> finalistas del Global Citizen Prize, Premio al H\u00e9roe Mexicano, mismo que destaca a quienes trabajan ayudando en sus comunidades y lideran con su ejemplo excepcional.   <\/p>\n\n\n\n<p class=\"MsoNormal\">\u201cEufrosina es una mujer que trasciende idiomas, culturas y fronteras. Su lucha por los derechos de las mujeres, los ni\u00f1os y ni\u00f1as, y los pueblos ind\u00edgenas es sumamente inspiradora. Es una mujer visionaria, con objetivos concretos como acceso a la educaci\u00f3n, oportunidades para todos y el respeto de los derechos humanos\u201d, refieren sobre ella. <\/p>\n\n\n\n<p class=\"MsoNormal\">De acuerdo con la p\u00e1gina oficial de Global Citizen, la trayectoria de la oaxaque\u00f1a le ha valido estar dentro de los primeros lugares, debido a su compromiso con la igualdad y la justicia para las mujeres de los pueblos ind\u00edgenas y afromexicano de Oaxaca.<\/p>\n\n\n\n<p class=\"MsoNormal\">Originaria del municipio de Santa Mar\u00eda Quiegolani, se convirti\u00f3 en la primera mujer presidenta de la Mesa Directiva en la historia de la Legislatura oaxaque\u00f1a, espacio al que lleg\u00f3 luego de encabezar una lucha por el reconocimiento de sus derechos pol\u00edticos electorales.&nbsp;&nbsp;<\/p>\n\n\n\n<p class=\"MsoNormal\">Y es que en 2007 fue v\u00edctima de un fraude que la despoj\u00f3 del triunfo en las elecciones para presidenta municipal de su pueblo, momento desde el cual no ha parado de insistir en el reconocimiento y participaci\u00f3n pol\u00edtica de las mujeres ind\u00edgenas, al grado de convertirse en diputada federal en la LXII Legislatura de la C\u00e1mara de Diputados en el periodo 2012\u20132015, en el que presidi\u00f3 la Comisi\u00f3n de Asuntos Ind\u00edgenas.&nbsp;<\/p>\n\n\n\n<p class=\"MsoNormal\">Gracias a sus esfuerzos, m\u00e1s de 50 mujeres han sido presidentas en su regi\u00f3n. Fue a trav\u00e9s de su impulso, y de otras mujeres, que se logr\u00f3 la reforma constitucional al Art\u00edculo 2 apartado A, que reconoce el derecho de las mujeres ind\u00edgenas de todo el pa\u00eds al voto activo y pasivo.  <\/p>\n\n\n\n<p class=\"MsoNormal\">Dicho art\u00edculo garantiza el derecho de las mujeres ind\u00edgenas a votar y a ser votadas; y se les permita desempe\u00f1ar los cargos p\u00fablicos de elecci\u00f3n popular para los que hayan sido electas en los municipios que se rigen bajo el sistema de usos y costumbres.&nbsp;&nbsp;<\/p>\n\n\n\n<p class=\"MsoNormal\">No s\u00f3lo ha participado en el \u00e1mbito legislativo, tambi\u00e9n fund\u00f3 la organizaci\u00f3n \u2018Queremos Unir Integrando por la Equidad y G\u00e9nero a Oaxaca\u2019 (QUIEGO) con el reto de promover talleres sobre derechos de las mujeres, para que las mujeres ind\u00edgenas de m\u00e1s de 30 municipios se capaciten, y lleven a cabo proyectos productivos para mejorar su calidad de vida de las mujeres, las ni\u00f1as y los ni\u00f1os.&nbsp;<\/p>\n\n\n\n<p class=\"MsoNormal\">Para la oaxaque\u00f1a, todo el enojo y la frustraci\u00f3n que le gener\u00f3 el actuar de los caciques de su pueblo, quienes quemaron las boletas en las que el pueblo hab\u00eda votado por ella y no le permitieron asumir el cargo de presidenta municipal por ser mujer, les sirvi\u00f3 de motivaci\u00f3n para trabajar en torno a la igualdad y la justicia para las mujeres de los pueblos ind\u00edgenas y afromexicano de Oaxaca. <\/p>\n\n\n\n<p class=\"MsoNormal\">\u201cDejar la monta\u00f1a fue duro, porque la monta\u00f1a es como la madre. Ah\u00ed fuiste parida, ah\u00ed est\u00e1 enterrado tu ombligo, pero tambi\u00e9n ah\u00ed naci\u00f3 tu furia y tu inspiraci\u00f3n para que nunca m\u00e1s una mujer ind\u00edgena en Oaxaca o en M\u00e9xico vuelva a ser discriminada y que sus derechos no sean mutilados por el sencillo hecho de haber nacido mujer\u201d, relat\u00f3 para de Global Citizen.&nbsp;<\/p>\n\n\n\n<p class=\"MsoNormal\">La lucha de Eufrosina es diaria, en un estado que, pese a los avances conseguidos por la lucha feminista, sigue siendo machista y discriminatorio con la poblaci\u00f3n ind\u00edgena, sin embargo, tienen claro que no parar\u00e1 hasta que las mujeres oaxaque\u00f1as y mexicanas obtengan los derechos que la vida les neg\u00f3.&nbsp;<\/p>\n\n\n\n<p class=\"MsoNormal\">En la terna tambi\u00e9n se encuentran Lucio Usobiaga Hegewisch, Saskia Ni\u00f1o de Rivera, Abel Barrera Hern\u00e1ndez y Martha Isabel \u201cPati\u201d Ruiz Corzo, quienes luego de un dif\u00edcil proceso de selecci\u00f3n resultaron elegidas y elegidos como los cinco finalistas, l\u00edderes que trabajan arduamente para la mejora de sus comunidades.  <\/p>\n","protected":false},"excerpt":{"rendered":"<p>Evlin Arag\u00f3n\/ Zona Roja. Oaxaca de Ju\u00e1rez, Oax., 9 de diciembre de 2020.- La oaxaque\u00f1a&hellip;<\/p>\n","protected":false},"author":2,"featured_media":21048,"comment_status":"closed","ping_status":"open","sticky":false,"template":"","format":"standard","meta":{"_lmt_disableupdate":"","_lmt_disable":"","_jetpack_memberships_contains_paid_content":false,"footnotes":""},"categories":[109,46],"tags":[2175],"class_list":["post-21049","post","type-post","status-publish","format-standard","has-post-thumbnail","hentry","category-minuto-a-minuto","category-zona-blanca","tag-eufrosina-cruz-mendoza"],"jetpack_featured_media_url":"https:\/\/zonaroja.com.mx\/wp-content\/uploads\/2020\/12\/img_2395.jpg","jetpack_sharing_enabled":true,"_links":{"self":[{"href":"https:\/\/zonaroja.com.mx\/index.php?rest_route=\/wp\/v2\/posts\/21049","targetHints":{"allow":["GET"]}}],"collection":[{"href":"https:\/\/zonaroja.com.mx\/index.php?rest_route=\/wp\/v2\/posts"}],"about":[{"href":"https:\/\/zonaroja.com.mx\/index.php?rest_route=\/wp\/v2\/types\/post"}],"author":[{"embeddable":true,"href":"https:\/\/zonaroja.com.mx\/index.php?rest_route=\/wp\/v2\/users\/2"}],"replies":[{"embeddable":true,"href":"https:\/\/zonaroja.com.mx\/index.php?rest_route=%2Fwp%2Fv2%2Fcomments&post=21049"}],"version-history":[{"count":1,"href":"https:\/\/zonaroja.com.mx\/index.php?rest_route=\/wp\/v2\/posts\/21049\/revisions"}],"predecessor-version":[{"id":21050,"href":"https:\/\/zonaroja.com.mx\/index.php?rest_route=\/wp\/v2\/posts\/21049\/revisions\/21050"}],"wp:featuredmedia":[{"embeddable":true,"href":"https:\/\/zonaroja.com.mx\/index.php?rest_route=\/wp\/v2\/media\/21048"}],"wp:attachment":[{"href":"https:\/\/zonaroja.com.mx\/index.php?rest_route=%2Fwp%2Fv2%2Fmedia&parent=21049"}],"wp:term":[{"taxonomy":"category","embeddable":true,"href":"https:\/\/zonaroja.com.mx\/index.php?rest_route=%2Fwp%2Fv2%2Fcategories&post=21049"},{"taxonomy":"post_tag","embeddable":true,"href":"https:\/\/zonaroja.com.mx\/index.php?rest_route=%2Fwp%2Fv2%2Ftags&post=21049"}],"curies":[{"name":"wp","href":"https:\/\/api.w.org\/{rel}","templated":true}]}}