{"id":21052,"date":"2020-12-09T16:43:05","date_gmt":"2020-12-09T22:43:05","guid":{"rendered":"https:\/\/www.zonaroja.com.mx\/?p=21052"},"modified":"2020-12-09T20:58:49","modified_gmt":"2020-12-10T02:58:49","slug":"va-arsenio-mejia-como-presidente-de-mesa-directiva-diputadas-denuncian-violencia-de-genero","status":"publish","type":"post","link":"https:\/\/zonaroja.com.mx\/?p=21052","title":{"rendered":"Va Arsenio Mej\u00eda como presidente de Mesa Directiva; diputadas denuncian violencia de g\u00e9nero"},"content":{"rendered":"\n<p class=\"MsoNormal\">Yuridiana Sosa\/Zona Roja. <\/p>\n\n\n\n<p class=\"MsoNormal\">Oaxaca de Ju\u00e1rez, Oax., 9 de diciembre de 2020.- Con casi un mes de atraso y 37 votos a favor, <a href=\"\/\/1\">este mi\u00e9rcoles<\/a> la 64 legislatura de Oaxaca eligi\u00f3 a la nueva Mesa Directiva, que presidir\u00e1 el diputado del Partido de Encuentro Social, Arsenio Mej\u00eda L\u00f3pez. <\/p>\n\n\n\n<p class=\"MsoNormal\">La elecci\u00f3n debi\u00f3 realizarse desde el pasado 15 de noviembre, pero por falta de acuerdos entre las diferentes bancadas, fue hasta este d\u00eda que se llev\u00f3 a cabo el relevo de la Mesa, en la que qued\u00f3 como vicepresidenta la legisladora Arcelia L\u00f3pez y como secretarios  Roc\u00edo Machuca Rojas, Maritza Scarlett V\u00e1squez y Sa\u00fal Cruz Jim\u00e9nez.<\/p>\n\n\n\n<p class=\"MsoNormal\">Pero al menos cuatro diputadas de distintas bancadas manifestaron su rechazo a la designaci\u00f3n de un hombre como presidente, pues apuntaron que correspond\u00eda a una mujer.<\/p>\n\n\n\n<p class=\"MsoNormal\">Esta situaci\u00f3n, concordaron cada una desde su posicionamiento, significa violencia pol\u00edtica por raz\u00f3n de g\u00e9nero, lo cual no corresponde a las pol\u00edticas p\u00fablicas por las que desde el Congreso ha trabajado.<\/p>\n\n\n\n<figure class=\"wp-block-embed-twitter wp-block-embed is-type-rich is-provider-twitter\"><div class=\"wp-block-embed__wrapper\">\n<div class=\"twitter-tweet\"><blockquote class=\"twitter-tweet\" data-lang=\"es\"><p lang=\"es\" dir=\"ltr\"><a href=\"https:\/\/twitter.com\/hashtag\/%C3%9AltimoMinuto?src=hash&amp;ref_src=twsrc%5Etfw\">#\u00daltimoMinuto<\/a> <br>Cuatro diputadas se inconformaron por la designaci\u00f3n de un var\u00f3n en la Mesa del <a href=\"https:\/\/twitter.com\/CongresoOaxLXIV?ref_src=twsrc%5Etfw\">@CongresoOaxLXIV<\/a> y acusaron violencia de g\u00e9nero. <br>Son Aurora Lopez Acevedo (video), Aleida Serrano (que renunci\u00f3 a su bancada independiente), Lilia Mendoza y Mar\u00eda de Jes\u00fas Mendoza. <a href=\"https:\/\/t.co\/27GXYvonqz\">pic.twitter.com\/27GXYvonqz<\/a><\/p>&mdash; Zona Roja Oaxaca (@MexRoja) <a href=\"https:\/\/twitter.com\/MexRoja\/status\/1336777813056253954?ref_src=twsrc%5Etfw\">9 de diciembre de 2020<\/a><\/blockquote><\/div>\n<\/div><\/figure>\n\n\n\n<p class=\"MsoNormal\">La diputada del PVEM, Aurora L\u00f3pez Acevedo, tom\u00f3 la palabra desde la tribuna para manifestar su oposici\u00f3n al acto de discriminaci\u00f3n que se ejercicio en el Congreso de Oaxaca, lo cual significa un retroceso. \u201c\u00a1Es momento de las mujeres!\u201d, exigi\u00f3.<\/p>\n\n\n\n<p class=\"MsoNormal\">Tambi\u00e9n alzaron la voz la diputada Aleida Serrano, quien al mismo tiempo renunci\u00f3 a su bancada independiente; Lilia Mendoza Cruz del PRI y Mar\u00eda de Jes\u00fas Mendoza, del PAN.<\/p>\n","protected":false},"excerpt":{"rendered":"<p>Yuridiana Sosa\/Zona Roja. Oaxaca de Ju\u00e1rez, Oax., 9 de diciembre de 2020.- Con casi un&hellip;<\/p>\n","protected":false},"author":2,"featured_media":21051,"comment_status":"closed","ping_status":"open","sticky":false,"template":"","format":"standard","meta":{"_lmt_disableupdate":"","_lmt_disable":"","_jetpack_memberships_contains_paid_content":false,"footnotes":""},"categories":[109,46],"tags":[213],"class_list":["post-21052","post","type-post","status-publish","format-standard","has-post-thumbnail","hentry","category-minuto-a-minuto","category-zona-blanca","tag-64-legislatura-de-oaxaca"],"jetpack_featured_media_url":"https:\/\/zonaroja.com.mx\/wp-content\/uploads\/2020\/12\/img_2508.jpg","jetpack_sharing_enabled":true,"_links":{"self":[{"href":"https:\/\/zonaroja.com.mx\/index.php?rest_route=\/wp\/v2\/posts\/21052","targetHints":{"allow":["GET"]}}],"collection":[{"href":"https:\/\/zonaroja.com.mx\/index.php?rest_route=\/wp\/v2\/posts"}],"about":[{"href":"https:\/\/zonaroja.com.mx\/index.php?rest_route=\/wp\/v2\/types\/post"}],"author":[{"embeddable":true,"href":"https:\/\/zonaroja.com.mx\/index.php?rest_route=\/wp\/v2\/users\/2"}],"replies":[{"embeddable":true,"href":"https:\/\/zonaroja.com.mx\/index.php?rest_route=%2Fwp%2Fv2%2Fcomments&post=21052"}],"version-history":[{"count":2,"href":"https:\/\/zonaroja.com.mx\/index.php?rest_route=\/wp\/v2\/posts\/21052\/revisions"}],"predecessor-version":[{"id":21063,"href":"https:\/\/zonaroja.com.mx\/index.php?rest_route=\/wp\/v2\/posts\/21052\/revisions\/21063"}],"wp:featuredmedia":[{"embeddable":true,"href":"https:\/\/zonaroja.com.mx\/index.php?rest_route=\/wp\/v2\/media\/21051"}],"wp:attachment":[{"href":"https:\/\/zonaroja.com.mx\/index.php?rest_route=%2Fwp%2Fv2%2Fmedia&parent=21052"}],"wp:term":[{"taxonomy":"category","embeddable":true,"href":"https:\/\/zonaroja.com.mx\/index.php?rest_route=%2Fwp%2Fv2%2Fcategories&post=21052"},{"taxonomy":"post_tag","embeddable":true,"href":"https:\/\/zonaroja.com.mx\/index.php?rest_route=%2Fwp%2Fv2%2Ftags&post=21052"}],"curies":[{"name":"wp","href":"https:\/\/api.w.org\/{rel}","templated":true}]}}