{"id":21054,"date":"2020-12-09T18:31:05","date_gmt":"2020-12-10T00:31:05","guid":{"rendered":"http:\/\/www.zonaroja.com.mx\/?p=21054"},"modified":"2020-12-09T21:01:53","modified_gmt":"2020-12-10T03:01:53","slug":"denuncian-corrupcion-en-funcionarios-cercanos-al-gobernador-alejandro-murat","status":"publish","type":"post","link":"https:\/\/zonaroja.com.mx\/?p=21054","title":{"rendered":"Denuncian corrupci\u00f3n en funcionarios cercanos al gobernador Alejandro Murat"},"content":{"rendered":"\n<p>Evlin Arag\u00f3n\/Zona Roja.<\/p>\n\n\n\n<p>Oaxaca de Ju\u00e1rez, Oax., 9 de diciembre de 2020.- \u201cLa secretaria General del PRI en Oaxaca, Zuleyma Amairani Morales Valenzuela, siendo particular de Ivette Mor\u00e1n de Murat, adquiri\u00f3 un terreno de 80,000 m2 en zona exclusiva de la capital del estado de Oaxaca. Un mes despu\u00e9s de tomar el cargo\u201d.<\/p>\n\n\n\n<p>Es la reciente denuncia que realiza \u201cOaxaque\u00f1os contra la Corrupci\u00f3n\u201d, en el marco del D\u00eda Internacional contra la Corrupci\u00f3n que se celebra este 9 de diciembre, y en la que asegura que la administraci\u00f3n que encabeza el gobernador Alejandro Murat ha estado plagada de servidores p\u00fablicos que se han empe\u00f1ado en saquear el estado de Oaxaca, muchos sin ser originarios de la entidad.&nbsp;<\/p>\n\n\n\n<p>De acuerdo con la informaci\u00f3n difundida, la utilizaci\u00f3n de empresas \u201cfantasma\u201d en las contrataciones p\u00fablicas, el tr\u00e1fico de plazas, el desv\u00edo de recursos, el compadrazgo y amiguismo son una constante de este sexenio del \u201cmilagro oaxaque\u00f1o\u201d.<\/p>\n\n\n\n<p>Como ejemplo refieren el caso de Zuleyma Amairani Morales Valenzuela, actual secretaria general del PRI y ex particular de la presidenta honoraria del DIF Estatal, Ivette Moran de Murat, quien ha sido denunciada por conflicto de intereses, debido a una posible operaci\u00f3n con recursos de procedencia il\u00edcita, ante el incremento de su patrimonio desde 2016.<\/p>\n\n\n\n<p>Y es que, conforme a la declaraci\u00f3n inicial realizada por Morales Valenzuela, presentada el 11 de septiembre del 2018, se detect\u00f3 una posible discrepancia entre lo declarado en a\u00f1os anteriores y el momento que ingres\u00f3 como particular de la esposa del gobernador Alejandro Murat.<\/p>\n\n\n\n<figure class=\"wp-block-embed-twitter wp-block-embed is-type-rich is-provider-twitter\"><div class=\"wp-block-embed__wrapper\">\n<div class=\"twitter-tweet\"><blockquote class=\"twitter-tweet\" data-lang=\"es\"><p lang=\"es\" dir=\"ltr\"><a href=\"https:\/\/twitter.com\/hashtag\/Oaxaca?src=hash&amp;ref_src=twsrc%5Etfw\">#Oaxaca<\/a> EL ENRIQUECIMIENTO ILICITO DE LOS COMPADRES DE ALEJANDRO E IVETTE MURAT. <a href=\"https:\/\/twitter.com\/MexRoja?ref_src=twsrc%5Etfw\">@MexRoja<\/a> <a href=\"https:\/\/twitter.com\/Estado20?ref_src=twsrc%5Etfw\">@Estado20<\/a> <a href=\"https:\/\/twitter.com\/acruzpi?ref_src=twsrc%5Etfw\">@acruzpi<\/a> <a href=\"https:\/\/twitter.com\/CuartaPlana?ref_src=twsrc%5Etfw\">@CuartaPlana<\/a> <a href=\"https:\/\/twitter.com\/DialogosoaxacaO?ref_src=twsrc%5Etfw\">@DialogosoaxacaO<\/a><a href=\"https:\/\/twitter.com\/Parola89?ref_src=twsrc%5Etfw\">@Parola89<\/a> <a href=\"https:\/\/twitter.com\/puntoyaparteoax?ref_src=twsrc%5Etfw\">@puntoyaparteoax<\/a> <a href=\"https:\/\/twitter.com\/JCarlosMedranoM?ref_src=twsrc%5Etfw\">@JCarlosMedranoM<\/a> <a href=\"https:\/\/twitter.com\/jaimeguerrero08?ref_src=twsrc%5Etfw\">@jaimeguerrero08<\/a> <a href=\"https:\/\/twitter.com\/rosyramales?ref_src=twsrc%5Etfw\">@rosyramales<\/a> <a href=\"https:\/\/twitter.com\/PRIOaxacaCDE?ref_src=twsrc%5Etfw\">@PRIOaxacaCDE<\/a> <a href=\"https:\/\/twitter.com\/MVMNoticias?ref_src=twsrc%5Etfw\">@MVMNoticias<\/a> <a href=\"https:\/\/twitter.com\/MXvsCORRUPCION?ref_src=twsrc%5Etfw\">@MXvsCORRUPCION<\/a><a href=\"https:\/\/t.co\/qfCgScgxyP\">https:\/\/t.co\/qfCgScgxyP<\/a> <a href=\"https:\/\/t.co\/LiuN0HW1x8\">pic.twitter.com\/LiuN0HW1x8<\/a><\/p>&mdash; Oaxaque\u00f1osVSCorrupci\u00f3n (@OaxVSCorrupcion) <a href=\"https:\/\/twitter.com\/OaxVSCorrupcion\/status\/1336657364079026178?ref_src=twsrc%5Etfw\">9 de diciembre de 2020<\/a><\/blockquote><\/div>\n<\/div><\/figure>\n\n\n\n<p>\u201cOaxaque\u00f1os contra la Corrupci\u00f3n\u201d refiere que, en los a\u00f1os 2014, 2015 y febrero de 2016, Amairani Morales declar\u00f3 inmuebles como terrenos y casas que no rebasan los 4 mil 259.82 m2, sin embargo, un mes de haber ingresado al servicio p\u00fablico existe una discrepancia e incremento patrimonial descomunal respecto a un terreno, con una superficie de 80 mil metros cuadrados.<\/p>\n\n\n\n<p>El precio de la propiedad podr\u00eda oscilar entre los 16 y los 320 millones de pesos, conforme a los precios por metro cuadrado que manejan propiedad de Tlalixtac de Cabrera, San Felipe del Agua, San Andr\u00e9s Huayap\u00e1m y municipios conurbados, lo cual por m\u00ednimo que fuera representar\u00eda un exceso para una servidora p\u00fablica.<\/p>\n\n\n\n<p>TAMBI\u00c9N COORDINADOR DE GIRAS<\/p>\n\n\n\n<p>Sumado a lo anterior, manifestaron que el esposo de la secretaria general del PRI, Jorge Antonio Ilescas Delgado, quien se desempe\u00f1a como coordinador de Giras de Alejandro Murat Hinojosa, tambi\u00e9n ha aumentado su patrimonio de forma considerable al punto de inaugurar dos restaurantes, en los primeros cuatro a\u00f1os del sexenio, uno de ellos en Tlalixtac de Cabrera y otro en la colonia Reforma.<\/p>\n\n\n\n<p>Lo anterior, de acuerdo con \u201cOaxaque\u00f1os contra la Corrupci\u00f3n\u201d, refiere un incremento descomunal en torno al patrimonio de dichos personajes, muy cercanos al gobernador de Oaxaca y su esposa, raz\u00f3n por la que piden sean investigadas las posibles operaciones con recursos de procedencia il\u00edcita o derivados del desv\u00edo de recursos.<\/p>\n\n\n\n<p>Cabe se\u00f1alar que Zuleyma Amairani Morales Valenzuela y Jorge Antonio Ilescas Delgado tienen una relaci\u00f3n de compadrazgo con el mandatario estatal y su esposa.<\/p>\n","protected":false},"excerpt":{"rendered":"<p>Evlin Arag\u00f3n\/Zona Roja. Oaxaca de Ju\u00e1rez, Oax., 9 de diciembre de 2020.- \u201cLa secretaria General&hellip;<\/p>\n","protected":false},"author":2,"featured_media":21055,"comment_status":"closed","ping_status":"open","sticky":false,"template":"","format":"standard","meta":{"_lmt_disableupdate":"","_lmt_disable":"","_jetpack_memberships_contains_paid_content":false,"footnotes":""},"categories":[109,47],"tags":[2284,2285],"class_list":["post-21054","post","type-post","status-publish","format-standard","has-post-thumbnail","hentry","category-minuto-a-minuto","category-zona-gris","tag-amairani-morales-valenzuela","tag-jorge-ilescas-delgado"],"jetpack_featured_media_url":"https:\/\/zonaroja.com.mx\/wp-content\/uploads\/2020\/12\/Jorge-Ilescas-y-Amairani.jpg","jetpack_sharing_enabled":true,"_links":{"self":[{"href":"https:\/\/zonaroja.com.mx\/index.php?rest_route=\/wp\/v2\/posts\/21054","targetHints":{"allow":["GET"]}}],"collection":[{"href":"https:\/\/zonaroja.com.mx\/index.php?rest_route=\/wp\/v2\/posts"}],"about":[{"href":"https:\/\/zonaroja.com.mx\/index.php?rest_route=\/wp\/v2\/types\/post"}],"author":[{"embeddable":true,"href":"https:\/\/zonaroja.com.mx\/index.php?rest_route=\/wp\/v2\/users\/2"}],"replies":[{"embeddable":true,"href":"https:\/\/zonaroja.com.mx\/index.php?rest_route=%2Fwp%2Fv2%2Fcomments&post=21054"}],"version-history":[{"count":2,"href":"https:\/\/zonaroja.com.mx\/index.php?rest_route=\/wp\/v2\/posts\/21054\/revisions"}],"predecessor-version":[{"id":21065,"href":"https:\/\/zonaroja.com.mx\/index.php?rest_route=\/wp\/v2\/posts\/21054\/revisions\/21065"}],"wp:featuredmedia":[{"embeddable":true,"href":"https:\/\/zonaroja.com.mx\/index.php?rest_route=\/wp\/v2\/media\/21055"}],"wp:attachment":[{"href":"https:\/\/zonaroja.com.mx\/index.php?rest_route=%2Fwp%2Fv2%2Fmedia&parent=21054"}],"wp:term":[{"taxonomy":"category","embeddable":true,"href":"https:\/\/zonaroja.com.mx\/index.php?rest_route=%2Fwp%2Fv2%2Fcategories&post=21054"},{"taxonomy":"post_tag","embeddable":true,"href":"https:\/\/zonaroja.com.mx\/index.php?rest_route=%2Fwp%2Fv2%2Ftags&post=21054"}],"curies":[{"name":"wp","href":"https:\/\/api.w.org\/{rel}","templated":true}]}}