{"id":21057,"date":"2020-12-09T19:28:20","date_gmt":"2020-12-10T01:28:20","guid":{"rendered":"http:\/\/www.zonaroja.com.mx\/?p=21057"},"modified":"2020-12-09T21:00:21","modified_gmt":"2020-12-10T03:00:21","slug":"refuta-el-ieepo-a-la-sep-y-se-pliega-a-designios-de-la-seccion-22","status":"publish","type":"post","link":"https:\/\/zonaroja.com.mx\/?p=21057","title":{"rendered":"Refuta el IEEPO a la SEP y se pliega a designios de la Secci\u00f3n 22"},"content":{"rendered":"\n<p>Yuridiana Sosa\/Zona Roja.<\/p>\n\n\n\n<p>Oaxaca de Ju\u00e1rez, Oax., 9 de diciembre de 2020.- El Instituto Estatal de Educaci\u00f3n P\u00fablica de Oaxaca (IEEPO) refut\u00f3 la determinaci\u00f3n de la SEP de regresar a clases presenciales en enero pr\u00f3ximo y acat\u00f3 la disposici\u00f3n de la Secci\u00f3n 22 del SNTE, que tambi\u00e9n se niega a volver a las aulas, debido a que contin\u00faan los contagios por Covid-19.<\/p>\n\n\n\n<p>A trav\u00e9s de un video, el titular del IEEPO, Francisco \u00c1ngel Villareal, afirm\u00f3 que en Oaxaca los alumnos continuar\u00e1n el ciclo escolar 2020-2021 a distancia, en tanto no existan las condiciones necesarias para garantizar la salud de los estudiantes y del personal de educaci\u00f3n.<\/p>\n\n\n\n<p>Esto luego que el responsable de la Secretar\u00eda de Educaci\u00f3n P\u00fablica, Esteban Moctezuma Barrag\u00e1n, diera a conocer que los estados en color amarillo, como lo hasta ahora el caso de Oaxaca, podr\u00edan regresar de forma voluntaria a las aulas; mientras que para los de color verde es una determinaci\u00f3n.<\/p>\n\n\n\n<p>No obstante, el responsable del Instituto dijo que para hacer posible un regreso a las aulas, primero esperan el dictamen del Consejo Nacional de Salud para designar la luz verde a Oaxaca en el sem\u00e1foro y despu\u00e9s, la decisi\u00f3n ser\u00e1 consensuada con el magisterio de la entidad, padres de familia y autoridades locales.<\/p>\n\n\n\n<figure class=\"wp-block-embed-twitter wp-block-embed is-type-rich is-provider-twitter\"><div class=\"wp-block-embed__wrapper\">\n<div class=\"twitter-tweet\"><blockquote class=\"twitter-tweet\" data-lang=\"es\"><p lang=\"es\" dir=\"ltr\"><a href=\"https:\/\/twitter.com\/hashtag\/%C3%9AltimaHora?src=hash&amp;ref_src=twsrc%5Etfw\">#\u00daltimaHora<\/a> <br>El titular del <a href=\"https:\/\/twitter.com\/IEEPOGobOax?ref_src=twsrc%5Etfw\">@IEEPOGobOax<\/a>, <a href=\"https:\/\/twitter.com\/VillarrealPaco?ref_src=twsrc%5Etfw\">@VillarrealPaco<\/a>, contradijo el anuncio del titular de la <a href=\"https:\/\/twitter.com\/SEP_mx?ref_src=twsrc%5Etfw\">@SEP_mx<\/a>, <a href=\"https:\/\/twitter.com\/emoctezumab?ref_src=twsrc%5Etfw\">@emoctezumab<\/a>, y afirm\u00f3 que en Oaxaca los alumnos no regresar\u00e1n a las aulas en enero y continuar\u00e1n las clases a distancia. No hubo aval de la <a href=\"https:\/\/twitter.com\/Seccion22Cencos?ref_src=twsrc%5Etfw\">@Seccion22Cencos<\/a>. <a href=\"https:\/\/t.co\/5w84EhOcsA\">pic.twitter.com\/5w84EhOcsA<\/a><\/p>&mdash; Zona Roja Oaxaca (@MexRoja) <a href=\"https:\/\/twitter.com\/MexRoja\/status\/1336758534881636360?ref_src=twsrc%5Etfw\">9 de diciembre de 2020<\/a><\/blockquote><\/div>\n<\/div><\/figure>\n\n\n\n<p>SE OPONE MAGISTERIO<\/p>\n\n\n\n<p>Por su parte, la Secci\u00f3n 22 del Sindicato Nacional de Trabajadores de la Educaci\u00f3n (SNTE) se\u00f1al\u00f3 por medio de un comunicado que ser\u00e1 s\u00f3lo cuando existe informaci\u00f3n cient\u00edfica seria y rigurosa que indiquen que existen las condiciones para hacerlo.<\/p>\n\n\n\n<p>Es as\u00ed que ante el anuncio realizado por la SEP, manifest\u00f3 su pleno \u201crechazo absoluto toda vez que no pondremos en riesgo a los ni\u00f1os, padres y trabajadores\u201d frente a la contingencia de Covid-19.<\/p>\n\n\n\n<p>Indic\u00f3 que cuando se plant\u00e9 un regreso, con un escenario m\u00e1s favorable, consultar\u00e1n con padres de familia y autoridades comunitarias, considerando que en su mayor\u00eda se rigen mediante usos y costumbres.<\/p>\n\n\n\n<p>Por lo que tambi\u00e9n exigieron al gobierno estatal y federal que garanticen las condiciones necesarias de higiene y salud, entre estas el suministro de agua potable, sanitarios, jab\u00f3n, insumos de limpieza de las instalaciones.<\/p>\n\n\n\n<p>En tanto, de acuerdo al calendario escolar el pr\u00f3ximo 18 de diciembre es el \u00faltimo d\u00eda de clases para iniciar el periodo de vacaciones por temporada decembrina, con un regreso a clases programado para el 7 de enero.<\/p>\n\n\n\n<figure class=\"wp-block-embed-twitter wp-block-embed is-type-rich is-provider-twitter\"><div class=\"wp-block-embed__wrapper\">\n<div class=\"twitter-tweet\"><blockquote class=\"twitter-tweet\" data-lang=\"es\"><p lang=\"es\" dir=\"ltr\">\u00bfQu\u00e9 le parece? El titular de la <a href=\"https:\/\/twitter.com\/SEP_mx?ref_src=twsrc%5Etfw\">@SEP_mx<\/a>, <a href=\"https:\/\/twitter.com\/emoctezumab?ref_src=twsrc%5Etfw\">@emoctezumab<\/a>, anunci\u00f3 hoy el regreso a las aulas en enero, en estados en sem\u00e1foro verde y amarillo, con las respectivas medidas sanitarias. En el caso de Oaxaca, a\u00fan no hay aprobaci\u00f3n de la <a href=\"https:\/\/twitter.com\/Seccion22Cencos?ref_src=twsrc%5Etfw\">@Seccion22Cencos<\/a>. <a href=\"https:\/\/t.co\/szFCW9cCxH\">pic.twitter.com\/szFCW9cCxH<\/a><\/p>&mdash; Zona Roja Oaxaca (@MexRoja) <a href=\"https:\/\/twitter.com\/MexRoja\/status\/1336499405600546816?ref_src=twsrc%5Etfw\">9 de diciembre de 2020<\/a><\/blockquote><\/div>\n<\/div><\/figure>\n","protected":false},"excerpt":{"rendered":"<p>Yuridiana Sosa\/Zona Roja. Oaxaca de Ju\u00e1rez, Oax., 9 de diciembre de 2020.- El Instituto Estatal&hellip;<\/p>\n","protected":false},"author":2,"featured_media":21058,"comment_status":"closed","ping_status":"open","sticky":false,"template":"","format":"standard","meta":{"_lmt_disableupdate":"","_lmt_disable":"","_jetpack_memberships_contains_paid_content":false,"footnotes":""},"categories":[109,47],"tags":[652,599],"class_list":["post-21057","post","type-post","status-publish","format-standard","has-post-thumbnail","hentry","category-minuto-a-minuto","category-zona-gris","tag-francisco-angel-villarreal","tag-instituto-estatal-de-educacion-publica-de-oaxaca"],"jetpack_featured_media_url":"https:\/\/zonaroja.com.mx\/wp-content\/uploads\/2020\/12\/IEEPO-y-SEP.jpg","jetpack_sharing_enabled":true,"_links":{"self":[{"href":"https:\/\/zonaroja.com.mx\/index.php?rest_route=\/wp\/v2\/posts\/21057","targetHints":{"allow":["GET"]}}],"collection":[{"href":"https:\/\/zonaroja.com.mx\/index.php?rest_route=\/wp\/v2\/posts"}],"about":[{"href":"https:\/\/zonaroja.com.mx\/index.php?rest_route=\/wp\/v2\/types\/post"}],"author":[{"embeddable":true,"href":"https:\/\/zonaroja.com.mx\/index.php?rest_route=\/wp\/v2\/users\/2"}],"replies":[{"embeddable":true,"href":"https:\/\/zonaroja.com.mx\/index.php?rest_route=%2Fwp%2Fv2%2Fcomments&post=21057"}],"version-history":[{"count":2,"href":"https:\/\/zonaroja.com.mx\/index.php?rest_route=\/wp\/v2\/posts\/21057\/revisions"}],"predecessor-version":[{"id":21064,"href":"https:\/\/zonaroja.com.mx\/index.php?rest_route=\/wp\/v2\/posts\/21057\/revisions\/21064"}],"wp:featuredmedia":[{"embeddable":true,"href":"https:\/\/zonaroja.com.mx\/index.php?rest_route=\/wp\/v2\/media\/21058"}],"wp:attachment":[{"href":"https:\/\/zonaroja.com.mx\/index.php?rest_route=%2Fwp%2Fv2%2Fmedia&parent=21057"}],"wp:term":[{"taxonomy":"category","embeddable":true,"href":"https:\/\/zonaroja.com.mx\/index.php?rest_route=%2Fwp%2Fv2%2Fcategories&post=21057"},{"taxonomy":"post_tag","embeddable":true,"href":"https:\/\/zonaroja.com.mx\/index.php?rest_route=%2Fwp%2Fv2%2Ftags&post=21057"}],"curies":[{"name":"wp","href":"https:\/\/api.w.org\/{rel}","templated":true}]}}