{"id":21060,"date":"2020-12-09T20:49:32","date_gmt":"2020-12-10T02:49:32","guid":{"rendered":"http:\/\/www.zonaroja.com.mx\/?p=21060"},"modified":"2020-12-09T20:49:35","modified_gmt":"2020-12-10T02:49:35","slug":"reportan-otras-dos-mujeres-desaparecidas-en-tuxtepec-oaxaca","status":"publish","type":"post","link":"https:\/\/zonaroja.com.mx\/?p=21060","title":{"rendered":"Reportan otras dos mujeres desaparecidas en Tuxtepec, Oaxaca"},"content":{"rendered":"\n<p>Yuridiana Sosa\/Zona Roja.<\/p>\n\n\n\n<p>Oaxaca de Ju\u00e1rez, Oax., 9 de diciembre de 2020.- En menos de 24 horas se report\u00f3 la desaparici\u00f3n de dos j\u00f3venes mujeres en el municipio de San Juan Bautista Tuxtepec, Oaxaca, por quienes sus familias piden la colaboraci\u00f3n de la sociedad para dar con su paradero.<\/p>\n\n\n\n<p>A trav\u00e9s de la p\u00e1gina de Facebook del Colectivo Tuxfem se difundi\u00f3 la imagen de Mar\u00eda Rebeca Mariscal Hern\u00e1ndez, de 14 a\u00f1os de edad, quien fue vista por \u00faltima vez la ma\u00f1ana del martes 8 de diciembre.<\/p>\n\n\n\n<p>La adolescente se ubic\u00f3 por \u00faltima vez sobre la calle Aldama, esquina avenida Jes\u00fas Carranza, con direcci\u00f3n a la terminal de autobuses ADO, en pleno centro de la ciudad.<\/p>\n\n\n\n<p>Mientras que por medio de una ficha emitida por la Unidad de B\u00fasqueda de Personas Desaparecidas y No Localizadas de la Fiscal\u00eda de Oaxaca, se busca a Mercedes Alencaster Medina, de 32 a\u00f1os de edad.<\/p>\n\n\n\n<p>La joven mujer fue vista por \u00faltima vez el pasado 5 de diciembre en el fraccionamiento El Santuario, conocido como casas GEO, en la periferia de ese municipio de la regi\u00f3n de la Cuenca.<\/p>\n\n\n\n<p>Ella iba en compa\u00f1\u00eda de sus cuatro hijas, sin embargo, no se difunden im\u00e1genes de las menores de edad.<\/p>\n\n\n\n<p>El Colectivo Tuxfem lament\u00f3 la dif\u00edcil situaci\u00f3n que viven las oaxaque\u00f1as. \u201cEn Oaxaca es preocupante la desaparici\u00f3n de mujeres, todos los d\u00edas tenemos que compartir la fotograf\u00eda de \u2018se busca\u2019 de una de nuestras hermanas\u201d, compartieron en sus redes.<\/p>\n","protected":false},"excerpt":{"rendered":"<p>Yuridiana Sosa\/Zona Roja. Oaxaca de Ju\u00e1rez, Oax., 9 de diciembre de 2020.- En menos de&hellip;<\/p>\n","protected":false},"author":2,"featured_media":21061,"comment_status":"closed","ping_status":"open","sticky":false,"template":"","format":"standard","meta":{"_lmt_disableupdate":"","_lmt_disable":"","_jetpack_memberships_contains_paid_content":false,"footnotes":""},"categories":[109,47],"tags":[455],"class_list":["post-21060","post","type-post","status-publish","format-standard","has-post-thumbnail","hentry","category-minuto-a-minuto","category-zona-gris","tag-mujeres-desaparecidas-oaxaca"],"jetpack_featured_media_url":"https:\/\/zonaroja.com.mx\/wp-content\/uploads\/2020\/12\/Desaparecidas-Tuxtepec-2.jpg","jetpack_sharing_enabled":true,"_links":{"self":[{"href":"https:\/\/zonaroja.com.mx\/index.php?rest_route=\/wp\/v2\/posts\/21060","targetHints":{"allow":["GET"]}}],"collection":[{"href":"https:\/\/zonaroja.com.mx\/index.php?rest_route=\/wp\/v2\/posts"}],"about":[{"href":"https:\/\/zonaroja.com.mx\/index.php?rest_route=\/wp\/v2\/types\/post"}],"author":[{"embeddable":true,"href":"https:\/\/zonaroja.com.mx\/index.php?rest_route=\/wp\/v2\/users\/2"}],"replies":[{"embeddable":true,"href":"https:\/\/zonaroja.com.mx\/index.php?rest_route=%2Fwp%2Fv2%2Fcomments&post=21060"}],"version-history":[{"count":1,"href":"https:\/\/zonaroja.com.mx\/index.php?rest_route=\/wp\/v2\/posts\/21060\/revisions"}],"predecessor-version":[{"id":21062,"href":"https:\/\/zonaroja.com.mx\/index.php?rest_route=\/wp\/v2\/posts\/21060\/revisions\/21062"}],"wp:featuredmedia":[{"embeddable":true,"href":"https:\/\/zonaroja.com.mx\/index.php?rest_route=\/wp\/v2\/media\/21061"}],"wp:attachment":[{"href":"https:\/\/zonaroja.com.mx\/index.php?rest_route=%2Fwp%2Fv2%2Fmedia&parent=21060"}],"wp:term":[{"taxonomy":"category","embeddable":true,"href":"https:\/\/zonaroja.com.mx\/index.php?rest_route=%2Fwp%2Fv2%2Fcategories&post=21060"},{"taxonomy":"post_tag","embeddable":true,"href":"https:\/\/zonaroja.com.mx\/index.php?rest_route=%2Fwp%2Fv2%2Ftags&post=21060"}],"curies":[{"name":"wp","href":"https:\/\/api.w.org\/{rel}","templated":true}]}}