{"id":21067,"date":"2020-12-09T22:05:15","date_gmt":"2020-12-10T04:05:15","guid":{"rendered":"http:\/\/www.zonaroja.com.mx\/?p=21067"},"modified":"2020-12-09T22:05:20","modified_gmt":"2020-12-10T04:05:20","slug":"liberan-a-retenidos-de-atatlahuca-no-cesa-ola-de-protestas-en-oaxaca","status":"publish","type":"post","link":"https:\/\/zonaroja.com.mx\/?p=21067","title":{"rendered":"Liberan a retenidos de Atatlahuca; no cesa ola de protestas en Oaxaca"},"content":{"rendered":"\n<p>Yuridiana Sosa\/Zona Roja.<\/p>\n\n\n\n<p>Oaxaca de Ju\u00e1rez, Oax., 9 de diciembre de 2020.- Luego de casi dos semanas, pobladores de Mier y Ter\u00e1n, localidad de San Esteban Atatlahuca, trajeron a la capital de Oaxaca a las dos personas retenidas, entre ellas una mujer, y fueron entregadas a sus familiares.<\/p>\n\n\n\n<p>Ello mediante una reuni\u00f3n de trabajo con la Secretar\u00eda General de Gobierno (Segego) y con la mediaci\u00f3n de la Defensor\u00eda de los Derechos Humanos del Pueblo de Oaxaca.<\/p>\n\n\n\n<p>Sin embargo, no se ha precisado hasta el momento si quienes retuvieron a la se\u00f1ora Antonia Sandoval Bautista y el se\u00f1or Froil\u00e1n Bautista Garc\u00eda, ser\u00e1n sancionados por las autoridades.<\/p>\n\n\n\n<p>Por otra parte, las manifestaciones contra la desatenci\u00f3n de la Segego contin\u00faan en la recta final de este a\u00f1o por parte de autoridades y habitantes de distintas comunidades del estado.<\/p>\n\n\n\n<p>Este mi\u00e9rcoles contin\u00faa, por segundo d\u00eda, la protesta de los habitantes de Santa Mar\u00eda Mixistl\u00e1n, del municipio de Mixistl\u00e1n de Reforma Mixe, quienes desde ayer martes arribaron a Ciudad Administrativa para demandar atenci\u00f3n por la falta de entrega de recursos de la autoridad municipal a sus agencias.<\/p>\n\n\n\n<figure class=\"wp-block-embed-twitter wp-block-embed is-type-rich is-provider-twitter\"><div class=\"wp-block-embed__wrapper\">\n<div class=\"twitter-tweet\"><blockquote class=\"twitter-tweet\" data-lang=\"es\"><p lang=\"es\" dir=\"ltr\"><a href=\"https:\/\/twitter.com\/hashtag\/%C3%9AltimoMinuto?src=hash&amp;ref_src=twsrc%5Etfw\">#\u00daltimoMinuto<\/a> <br>Tambi\u00e9n desde ayer llegaron a Ciudad Administrativa habitantes de Santa Mar\u00eda Mixistl\u00e1n, regi\u00f3n Sierra Norte de Oaxaca; pero la <a href=\"https:\/\/twitter.com\/SEGEGO_GobOax?ref_src=twsrc%5Etfw\">@SEGEGO_GobOax<\/a> en lugar de atenderlos, los envi\u00f3 a la sede de la <a href=\"https:\/\/twitter.com\/FISCALIA_GobOax?ref_src=twsrc%5Etfw\">@FISCALIA_GobOax<\/a> en San Antonio de la Cal; tampoco han sido escuchados. <a href=\"https:\/\/t.co\/tYtXzRWxUL\">pic.twitter.com\/tYtXzRWxUL<\/a><\/p>&mdash; Zona Roja Oaxaca (@MexRoja) <a href=\"https:\/\/twitter.com\/MexRoja\/status\/1336730762213806087?ref_src=twsrc%5Etfw\">9 de diciembre de 2020<\/a><\/blockquote><\/div>\n<\/div><\/figure>\n\n\n\n<p>Pero, en vez de ofrecerle un apoyo certero para destrabar el problema que se ha mantenido durante todo el ejercicio fiscal 2020, la Segego se deslind\u00f3 e indic\u00f3 que la exigencia era con la Fiscal\u00eda General de Oaxaca.<\/p>\n\n\n\n<p>Por ese motivo, desde el martes por la noche los pobladores de Santa Mar\u00eda Mixistl\u00e1n, de la Sierra Norte, arribaron a las instalaciones de la FGO ubicadas en San Antonio de Cal, en donde tampoco han sido recibidos.<\/p>\n\n\n\n<p>As\u00ed lo dio a conocer el presidente del Consejo Ciudadano de la comunidad, Gregorio Ignacio M\u00e1rquez, quien se desplaz\u00f3 a los Valles Centrales con un grupo de ciudadanos para exigir la entrega de m\u00e1s de 4.3 millones de pesos correspondiente al ramo 28 y 33, que el edil Juan Antonio D\u00edaz se ha negado a pagar.<\/p>\n\n\n\n<p>Pero, mientras una manifestaci\u00f3n deja Ciudad administrativa, otra llega, pues este mi\u00e9rcoles, desde temprana hora arribaron integrantes del denominado grupo Movimiento Campesino para exigir atenci\u00f3n a demandas sociales.<\/p>\n\n\n\n<figure class=\"wp-block-embed-twitter wp-block-embed is-type-rich is-provider-twitter\"><div class=\"wp-block-embed__wrapper\">\n<div class=\"twitter-tweet\"><blockquote class=\"twitter-tweet\" data-lang=\"es\"><p lang=\"es\" dir=\"ltr\"><a href=\"https:\/\/twitter.com\/hashtag\/%C3%9AltimoMinuto?src=hash&amp;ref_src=twsrc%5Etfw\">#\u00daltimoMinuto<\/a> <br>(1) De nuevo la labor de la <a href=\"https:\/\/twitter.com\/SEGEGO_GobOax?ref_src=twsrc%5Etfw\">@SEGEGO_GobOax<\/a> en entredicho; esta ma\u00f1ana un grupo de personas del denominado Movimiento Campesino llega a Ciudad Administrativa, en Tlalixtac de Cabrera, para exigir atenci\u00f3n a demandas sociales. <a href=\"https:\/\/t.co\/kRMF4Slb7v\">pic.twitter.com\/kRMF4Slb7v<\/a><\/p>&mdash; Zona Roja Oaxaca (@MexRoja) <a href=\"https:\/\/twitter.com\/MexRoja\/status\/1336727379478196224?ref_src=twsrc%5Etfw\">9 de diciembre de 2020<\/a><\/blockquote><\/div>\n<\/div><\/figure>\n\n\n\n<p>Los inconformes instalaron lonas para impedir el acceso al complejo en Tlalixtac de Cabrera, en la zona conurbada a la capital. Tras la movilizaci\u00f3n moment\u00e1nea, una comisi\u00f3n ingres\u00f3 a un di\u00e1logo con las autoridades.<\/p>\n\n\n\n<p>NORMALISTAS EN HUAJUAPAN<\/p>\n\n\n\n<p>Por otra parte, normalistas de la regi\u00f3n Mixteca se manifestaron en Huajuapan de Le\u00f3n, donde marcharon y quemaron llantas frente al palacio municipal.<\/p>\n\n\n\n<p>Los estudiantes se inconformaron ante una presunta invasi\u00f3n a predios de su escuela por medio de una obra que las autoridades locales ejecutan, por lo que exigieron un alto a la obra y una mesa de di\u00e1logo con la presidenta municipal, Juanita Cruz Cruz.<\/p>\n\n\n\n<p>En su protesta marcharon por las principales calles de Huajuapan para despu\u00e9s arribar frente al palacio municipal, donde realizaron quema de llantas.<\/p>\n\n\n\n<figure class=\"wp-block-embed-twitter wp-block-embed is-type-rich is-provider-twitter\"><div class=\"wp-block-embed__wrapper\">\n<div class=\"twitter-tweet\"><blockquote class=\"twitter-tweet\" data-lang=\"es\"><p lang=\"es\" dir=\"ltr\"><a href=\"https:\/\/twitter.com\/hashtag\/%C3%9AltimaHora?src=hash&amp;ref_src=twsrc%5Etfw\">#\u00daltimaHora<\/a> <br>Normalistas y docentes de la Secci\u00f3n 22 del SNTE salieron hoy a las calles de <a href=\"https:\/\/twitter.com\/hashtag\/Huajuapan?src=hash&amp;ref_src=twsrc%5Etfw\">#Huajuapan<\/a> de Le\u00f3n, <a href=\"https:\/\/twitter.com\/hashtag\/Oaxaca?src=hash&amp;ref_src=twsrc%5Etfw\">#Oaxaca<\/a>, y frente al palacio municipal quemaron llantas, para exigir atenci\u00f3n a sus demandas. <a href=\"https:\/\/t.co\/r9je0XPJN3\">pic.twitter.com\/r9je0XPJN3<\/a><\/p>&mdash; Zona Roja Oaxaca (@MexRoja) <a href=\"https:\/\/twitter.com\/MexRoja\/status\/1336798728229957632?ref_src=twsrc%5Etfw\">9 de diciembre de 2020<\/a><\/blockquote><\/div>\n<\/div><\/figure>\n","protected":false},"excerpt":{"rendered":"<p>Yuridiana Sosa\/Zona Roja. Oaxaca de Ju\u00e1rez, Oax., 9 de diciembre de 2020.- Luego de casi&hellip;<\/p>\n","protected":false},"author":2,"featured_media":21068,"comment_status":"closed","ping_status":"open","sticky":false,"template":"","format":"standard","meta":{"_lmt_disableupdate":"","_lmt_disable":"","_jetpack_memberships_contains_paid_content":false,"footnotes":""},"categories":[109,47],"tags":[518,1025],"class_list":["post-21067","post","type-post","status-publish","format-standard","has-post-thumbnail","hentry","category-minuto-a-minuto","category-zona-gris","tag-protestas-oaxaca","tag-san-esteban-atatlahuca"],"jetpack_featured_media_url":"https:\/\/zonaroja.com.mx\/wp-content\/uploads\/2020\/12\/Marcha-normalistas-Huajuapan.jpg","jetpack_sharing_enabled":true,"_links":{"self":[{"href":"https:\/\/zonaroja.com.mx\/index.php?rest_route=\/wp\/v2\/posts\/21067","targetHints":{"allow":["GET"]}}],"collection":[{"href":"https:\/\/zonaroja.com.mx\/index.php?rest_route=\/wp\/v2\/posts"}],"about":[{"href":"https:\/\/zonaroja.com.mx\/index.php?rest_route=\/wp\/v2\/types\/post"}],"author":[{"embeddable":true,"href":"https:\/\/zonaroja.com.mx\/index.php?rest_route=\/wp\/v2\/users\/2"}],"replies":[{"embeddable":true,"href":"https:\/\/zonaroja.com.mx\/index.php?rest_route=%2Fwp%2Fv2%2Fcomments&post=21067"}],"version-history":[{"count":1,"href":"https:\/\/zonaroja.com.mx\/index.php?rest_route=\/wp\/v2\/posts\/21067\/revisions"}],"predecessor-version":[{"id":21069,"href":"https:\/\/zonaroja.com.mx\/index.php?rest_route=\/wp\/v2\/posts\/21067\/revisions\/21069"}],"wp:featuredmedia":[{"embeddable":true,"href":"https:\/\/zonaroja.com.mx\/index.php?rest_route=\/wp\/v2\/media\/21068"}],"wp:attachment":[{"href":"https:\/\/zonaroja.com.mx\/index.php?rest_route=%2Fwp%2Fv2%2Fmedia&parent=21067"}],"wp:term":[{"taxonomy":"category","embeddable":true,"href":"https:\/\/zonaroja.com.mx\/index.php?rest_route=%2Fwp%2Fv2%2Fcategories&post=21067"},{"taxonomy":"post_tag","embeddable":true,"href":"https:\/\/zonaroja.com.mx\/index.php?rest_route=%2Fwp%2Fv2%2Ftags&post=21067"}],"curies":[{"name":"wp","href":"https:\/\/api.w.org\/{rel}","templated":true}]}}