{"id":2107,"date":"2019-07-08T17:34:10","date_gmt":"2019-07-08T22:34:10","guid":{"rendered":"http:\/\/www.zonaroja.com.mx\/?p=2107"},"modified":"2019-07-08T17:34:24","modified_gmt":"2019-07-08T22:34:24","slug":"en-plenas-fiestas-previas-a-la-guelaguetza-surge-la-chilena-de-mazapan","status":"publish","type":"post","link":"https:\/\/zonaroja.com.mx\/?p=2107","title":{"rendered":"En plenas fiestas previas a la Guelaguetza, surge la chilena de \u201cMazap\u00e1n\u201d"},"content":{"rendered":"\n<p>Evlin Arag\u00f3n<\/p>\n\n\n\n<p>Oaxaca de\nJu\u00e1rez, Oax.- A unos d\u00edas de iniciar las festividades de la Guelaguetza, la\nfama de \u201cMazap\u00e1n\u201d &#8211;el perro m\u00e1s famoso de Oaxaca&#8211; se incrementa y ahora\ndifunden a trav\u00e9s de las redes sociales una chilena inspirada en su gusto por\nlas fiestas oaxaque\u00f1as.<\/p>\n\n\n\n<p>Se trata de\nuna melod\u00eda compuesta por el grupo \u201cLoxichavos\u201d, una agrupaci\u00f3n conformada por\nocho j\u00f3venes, que de acuerdo con su p\u00e1gina de Facebook ya trabajan incluso en\nel video de la canci\u00f3n.<\/p>\n\n\n\n<p>\u201cEn mi estado de Oaxaca, hay un pero callejero, su nombre es \u2018Mazap\u00e1n\u2019 y tambi\u00e9n es pachanguero; del perrito que yo hablo, le gusta mucho bailar, en convites y calendas, es bueno para zapatear\u201d, se escucha al ritmo de la chilena.<\/p>\n\n\n\n<figure class=\"wp-block-embed-twitter wp-block-embed is-type-rich is-provider-twitter\"><div class=\"wp-block-embed__wrapper\">\n<div class=\"twitter-tweet\"><blockquote class=\"twitter-tweet\" data-lang=\"es\"><p lang=\"es\" dir=\"ltr\"><a href=\"https:\/\/twitter.com\/hashtag\/OaxacaRosa?src=hash&amp;ref_src=twsrc%5Etfw\">#OaxacaRosa<\/a><br>\u00a1El \u201cMazap\u00e1n\u201d ya tiene su chilena! <br>Escuche la composici\u00f3n al perro calendero m\u00e1s famoso de <a href=\"https:\/\/twitter.com\/hashtag\/Oaxaca?src=hash&amp;ref_src=twsrc%5Etfw\">#Oaxaca<\/a>: <a href=\"https:\/\/t.co\/UMr5iM9bbU\">pic.twitter.com\/UMr5iM9bbU<\/a><\/p>&mdash; Zona Roja Oaxaca (@MexRoja) <a href=\"https:\/\/twitter.com\/MexRoja\/status\/1148241736533192705?ref_src=twsrc%5Etfw\">8 de julio de 2019<\/a><\/blockquote><\/div>\n<\/div><\/figure>\n\n\n\n<p>La canci\u00f3n\ntambi\u00e9n hace referencia al gusto de \u201cMazap\u00e1n\u201d por bailar con la delegaci\u00f3n de\nla \u201cChinas Oaxaque\u00f1as\u201d a quienes sigue desde hace tiempo en cada una las\ncalendas y aunque algunas personas no lo crean baila al son del \u201cJarabe del\nValle\u201d.<\/p>\n\n\n\n<p>\u201cLas mujeres\ncon canastas bailan con el \u2018Mazap\u00e1n\u2019, todas hacen una rueda para verlo\ndisfrutar\u201d, entonan los m\u00fasicos oaxaque\u00f1os<\/p>\n\n\n\n<p>Fue\njustamente un video en el que se le ve\u00eda dando vueltas alrededor de una \u201cChina\nOaxaque\u00f1a\u201d &#8211;que enfundada en su traje t\u00edpico bailaba con la tradicional\ncanasta en la cabeza cargada de cohetes&#8211; el que lo llev\u00f3 a la fama\ninternacional y que le vali\u00f3 incluso ser adoptado y conseguir un buen hogar.<\/p>\n\n\n\n<p>No es la\n\u00fanica canci\u00f3n que se ha inspirado en el can m\u00e1s famoso de la entidad oaxaque\u00f1a,\nya que en la plataforma de YouTube tambi\u00e9n se encuentra el \u201cCorrido de Mazap\u00e1n\u201d\nescrito por Cristian Onofre Caba, en donde se destaca su fama, el cari\u00f1o que le\ntiene la gente al grado de proponer que se sea imagen cultural y por supuesto\nsu gusto por las fiestas oaxaque\u00f1as.<\/p>\n\n\n\n<p>Este mismo\nfin de semana con el inicio de los convites, \u201cMazap\u00e1n\u201d regres\u00f3 a los\nreflectores e incluso trascendieron en redes sociales las fotograf\u00edas del can\nvestido de ropa t\u00edpica, originaria de la Villa de Mitla, hecha a su medida y\nque tambi\u00e9n caus\u00f3 revuelo en las redes sociales, donde el perro sigue\nacumulando fans.&nbsp; <\/p>\n","protected":false},"excerpt":{"rendered":"<p>Evlin Arag\u00f3n Oaxaca de Ju\u00e1rez, Oax.- A unos d\u00edas de iniciar las festividades de la&hellip;<\/p>\n","protected":false},"author":2,"featured_media":2109,"comment_status":"closed","ping_status":"open","sticky":false,"template":"","format":"standard","meta":{"_lmt_disableupdate":"","_lmt_disable":"","_jetpack_memberships_contains_paid_content":false,"footnotes":""},"categories":[109,46],"tags":[58,319],"class_list":["post-2107","post","type-post","status-publish","format-standard","has-post-thumbnail","hentry","category-minuto-a-minuto","category-zona-blanca","tag-oaxaca","tag-perro-mazapan"],"jetpack_featured_media_url":"https:\/\/zonaroja.com.mx\/wp-content\/uploads\/2019\/07\/Perro-Mazap\u00e1n-Oaxaca-1.jpg","jetpack_sharing_enabled":true,"_links":{"self":[{"href":"https:\/\/zonaroja.com.mx\/index.php?rest_route=\/wp\/v2\/posts\/2107","targetHints":{"allow":["GET"]}}],"collection":[{"href":"https:\/\/zonaroja.com.mx\/index.php?rest_route=\/wp\/v2\/posts"}],"about":[{"href":"https:\/\/zonaroja.com.mx\/index.php?rest_route=\/wp\/v2\/types\/post"}],"author":[{"embeddable":true,"href":"https:\/\/zonaroja.com.mx\/index.php?rest_route=\/wp\/v2\/users\/2"}],"replies":[{"embeddable":true,"href":"https:\/\/zonaroja.com.mx\/index.php?rest_route=%2Fwp%2Fv2%2Fcomments&post=2107"}],"version-history":[{"count":1,"href":"https:\/\/zonaroja.com.mx\/index.php?rest_route=\/wp\/v2\/posts\/2107\/revisions"}],"predecessor-version":[{"id":2110,"href":"https:\/\/zonaroja.com.mx\/index.php?rest_route=\/wp\/v2\/posts\/2107\/revisions\/2110"}],"wp:featuredmedia":[{"embeddable":true,"href":"https:\/\/zonaroja.com.mx\/index.php?rest_route=\/wp\/v2\/media\/2109"}],"wp:attachment":[{"href":"https:\/\/zonaroja.com.mx\/index.php?rest_route=%2Fwp%2Fv2%2Fmedia&parent=2107"}],"wp:term":[{"taxonomy":"category","embeddable":true,"href":"https:\/\/zonaroja.com.mx\/index.php?rest_route=%2Fwp%2Fv2%2Fcategories&post=2107"},{"taxonomy":"post_tag","embeddable":true,"href":"https:\/\/zonaroja.com.mx\/index.php?rest_route=%2Fwp%2Fv2%2Ftags&post=2107"}],"curies":[{"name":"wp","href":"https:\/\/api.w.org\/{rel}","templated":true}]}}