{"id":21070,"date":"2020-12-09T22:10:04","date_gmt":"2020-12-10T04:10:04","guid":{"rendered":"http:\/\/www.zonaroja.com.mx\/?p=21070"},"modified":"2020-12-09T22:10:15","modified_gmt":"2020-12-10T04:10:15","slug":"padres-exigen-justicia-para-alexander-a-medio-ano-de-su-asesinato","status":"publish","type":"post","link":"https:\/\/zonaroja.com.mx\/?p=21070","title":{"rendered":"Padres exigen justicia para Alexander, a medio a\u00f1o de su asesinato"},"content":{"rendered":"\n<p>Yuridiana Sosa\/Zona Roja.<\/p>\n\n\n\n<p>Oaxaca de Ju\u00e1rez, Oax., 9 de diciembre de 2020.- A medio a\u00f1o del asesinato del adolescente de 16 a\u00f1os de edad, Alexander Mart\u00ednez G\u00f3mez, en Acatl\u00e1n de P\u00e9rez Figueroa, sus padres denunciaron la injusticia en el caso, donde est\u00e1n implicados elementos de la Polic\u00eda Municipal.<\/p>\n\n\n\n<p>Los se\u00f1ores Virginia G\u00f3mez, Teodoro Mart\u00ednez y el hermano Alexis Mart\u00ednez, exigieron a la Fiscal\u00eda General del Estado realizar las investigaciones necesarias para alcanzar una condena contra las personas involucradas en el crimen.<\/p>\n\n\n\n<p>El joven futbolista fue asesinado el 9 de junio en la comunidad de Vicente Camalote, por disparos de arma de fuego por parte de un elemento policial, pero a pesar que en el hecho estuvieron involucrados cinco elementos la Polic\u00eda Municipal de Acatl\u00e1n de P\u00e9rez Figueroa, s\u00f3lo uno de ellos fue detenido.<\/p>\n\n\n\n<p>\u201cDesde hace m\u00e1s de tres meses en diversas reuniones que sostuvimos con la Fiscal\u00eda General del Estado de Oaxaca, demandamos que se pronuncien sobre la responsabilidad en que pudieron incurrir los otros cuatro agentes, pero hasta la fecha no hay respuesta oficial a nuestra petici\u00f3n y los polic\u00edas siguen en funciones\u201d, se\u00f1alaron los afectados.<\/p>\n\n\n\n<p>Pero tambi\u00e9n la familia de la joven v\u00edctima asever\u00f3 que se enfrenta a la violaci\u00f3n de sus derechos como afectados por parte del Juez de Control del Circuito Judicial de Tuxtepec, Pablo Escobar Garc\u00eda, quien ha mostrado parcialidad a favor del polic\u00eda detenido, mientras contra ellos se ejerce una revictimizaci\u00f3n.<\/p>\n\n\n\n<p>AMENAZAS DEL EDIL<\/p>\n\n\n\n<p>Los padres de \u201cChander\u201d destacaron que son v\u00edctimas de intimidaciones y amenazas por enviados de parte del presidente municipal de Acatl\u00e1n, Ad\u00e1n Maciel Sosa, a quien identifican como \u201cEl patr\u00f3n\u201d.<\/p>\n\n\n\n<p>Las amenazas se han extendido contra los testigos de los hechos para que desistan de apoyar a la familia de Alexander.<\/p>\n\n\n\n<p>\u201cExigimos a la Fiscal\u00eda General del Estado de Oaxaca una investigaci\u00f3n seria, efectiva y diligente, respecto a la responsabilidad de todos los servidores p\u00fablicos involucrados en el caso, y que manera urgente y coordinada con las autoridades de seguridad p\u00fablica\u201d.<\/p>\n\n\n\n<p>As\u00ed tambi\u00e9n reiteraron la solicitud de apoyo por parte de la Embajada de los Estados Unidos de Norteam\u00e9rica y a la Oficina en M\u00e9xico de la Alta Comisionada para los Derechos Humanos de la ONU, para que el proceso no quede en el olvido de las autoridades oaxaque\u00f1as.<\/p>\n","protected":false},"excerpt":{"rendered":"<p>Yuridiana Sosa\/Zona Roja. Oaxaca de Ju\u00e1rez, Oax., 9 de diciembre de 2020.- A medio a\u00f1o&hellip;<\/p>\n","protected":false},"author":2,"featured_media":14072,"comment_status":"closed","ping_status":"open","sticky":false,"template":"","format":"standard","meta":{"_lmt_disableupdate":"","_lmt_disable":"","_jetpack_memberships_contains_paid_content":false,"footnotes":""},"categories":[109,47],"tags":[187,1803],"class_list":["post-21070","post","type-post","status-publish","format-standard","has-post-thumbnail","hentry","category-minuto-a-minuto","category-zona-gris","tag-acatlan-de-perez-figueroa","tag-alexander-m-g"],"jetpack_featured_media_url":"https:\/\/zonaroja.com.mx\/wp-content\/uploads\/2020\/06\/Alexander-sepelio-2.jpg","jetpack_sharing_enabled":true,"_links":{"self":[{"href":"https:\/\/zonaroja.com.mx\/index.php?rest_route=\/wp\/v2\/posts\/21070","targetHints":{"allow":["GET"]}}],"collection":[{"href":"https:\/\/zonaroja.com.mx\/index.php?rest_route=\/wp\/v2\/posts"}],"about":[{"href":"https:\/\/zonaroja.com.mx\/index.php?rest_route=\/wp\/v2\/types\/post"}],"author":[{"embeddable":true,"href":"https:\/\/zonaroja.com.mx\/index.php?rest_route=\/wp\/v2\/users\/2"}],"replies":[{"embeddable":true,"href":"https:\/\/zonaroja.com.mx\/index.php?rest_route=%2Fwp%2Fv2%2Fcomments&post=21070"}],"version-history":[{"count":1,"href":"https:\/\/zonaroja.com.mx\/index.php?rest_route=\/wp\/v2\/posts\/21070\/revisions"}],"predecessor-version":[{"id":21071,"href":"https:\/\/zonaroja.com.mx\/index.php?rest_route=\/wp\/v2\/posts\/21070\/revisions\/21071"}],"wp:featuredmedia":[{"embeddable":true,"href":"https:\/\/zonaroja.com.mx\/index.php?rest_route=\/wp\/v2\/media\/14072"}],"wp:attachment":[{"href":"https:\/\/zonaroja.com.mx\/index.php?rest_route=%2Fwp%2Fv2%2Fmedia&parent=21070"}],"wp:term":[{"taxonomy":"category","embeddable":true,"href":"https:\/\/zonaroja.com.mx\/index.php?rest_route=%2Fwp%2Fv2%2Fcategories&post=21070"},{"taxonomy":"post_tag","embeddable":true,"href":"https:\/\/zonaroja.com.mx\/index.php?rest_route=%2Fwp%2Fv2%2Ftags&post=21070"}],"curies":[{"name":"wp","href":"https:\/\/api.w.org\/{rel}","templated":true}]}}