{"id":21072,"date":"2020-12-09T22:18:04","date_gmt":"2020-12-10T04:18:04","guid":{"rendered":"http:\/\/www.zonaroja.com.mx\/?p=21072"},"modified":"2020-12-09T22:18:10","modified_gmt":"2020-12-10T04:18:10","slug":"registra-la-capital-de-oaxaca-el-44-de-casos-positivos-a-covid","status":"publish","type":"post","link":"https:\/\/zonaroja.com.mx\/?p=21072","title":{"rendered":"Registra la capital de Oaxaca el 44 % de casos positivos a Covid"},"content":{"rendered":"\n<p>Redacci\u00f3n\/Zona Roja.<\/p>\n\n\n\n<p>Oaxaca de Ju\u00e1rez, Oax. 9 de diciembre de 2020.- Los Servicios de Salud de Oaxaca (SSO) informaron que este mi\u00e9rcoles 9 de diciembre, se han registrado 165 casos nuevos de Covid-19, que suman 25 mil 519 acumulados en la entidad, por lo que exhortan a la poblaci\u00f3n a reducir la movilidad para evitar m\u00e1s contagios.<\/p>\n\n\n\n<p>En un comunicado, la instituci\u00f3n destac\u00f3 que se han notificado 40 mil 535 casos, de los cuales 11 mil 216 han sido negativos, tres mil 800 son sospechosos, 22 mil 754 se han recuperado, y se contabilizan seis decesos que suman mil 985 defunciones.<\/p>\n\n\n\n<p>Se\u00f1al\u00f3 que la Jurisdicci\u00f3n Sanitaria n\u00famero uno Valles Centrales contabiliza 17 mil 310 casos confirmados y mil 10 defunciones; Istmo dos mil 343 y 322 defunciones; Tuxtepec mil 901 y 280 defunciones; Mixteca mil 860 y 176 defunciones; Costa mil 305 y 126 defunciones; y la Sierra 800 y 71 defunciones.<\/p>\n\n\n\n<p>Sostuvo que los 165 casos nuevos de Covid-19 se distribuyen en 47 municipios, siendo los que mayor n\u00famero presentan: Oaxaca de Ju\u00e1rez con 73, que representa el 44%; Santa Cruz Xoxocotl\u00e1n 10, Santa Luc\u00eda del Camino nueve, Santa Cruz Amilpas seis, Acatl\u00e1n de P\u00e9rez Figueroa cinco, Ocotl\u00e1n de Morelos y San Agust\u00edn Yatareni cuatro cada uno, el resto tres, dos y un solo caso.<\/p>\n\n\n\n<figure class=\"wp-block-embed-twitter wp-block-embed is-type-rich is-provider-twitter\"><div class=\"wp-block-embed__wrapper\">\n<div class=\"twitter-tweet\"><blockquote class=\"twitter-tweet\" data-lang=\"es\"><p lang=\"es\" dir=\"ltr\"><a href=\"https:\/\/twitter.com\/hashtag\/%C3%9AltimoMinuto?src=hash&amp;ref_src=twsrc%5Etfw\">#\u00daltimoMinuto<\/a><br>En el caso de Oaxaca, los Servicios de Salud de la entidad reportaron seis fallecimientos por Covid en las \u00faltimas 24 horas, para sumar mil 985 decesos; adem\u00e1s, 165 casos positivos, para un acumulado 25 mil 519.<a href=\"https:\/\/twitter.com\/hashtag\/Qu%C3%A9dateEnCasa?src=hash&amp;ref_src=twsrc%5Etfw\">#Qu\u00e9dateEnCasa<\/a> <a href=\"https:\/\/t.co\/oeB0C1odbZ\">pic.twitter.com\/oeB0C1odbZ<\/a><\/p>&mdash; Zona Roja Oaxaca (@MexRoja) <a href=\"https:\/\/twitter.com\/MexRoja\/status\/1336853024090845185?ref_src=twsrc%5Etfw\">10 de diciembre de 2020<\/a><\/blockquote><\/div>\n<\/div><\/figure>\n\n\n\n<p>Se\u00f1al\u00f3 que hay 789 casos activos, la Jurisdicci\u00f3n Sanitaria n\u00famero uno Valles Centrales registra 656, Mixteca 41, Costa 31, Sierra 28, Tuxtepec 20 e Istmo 13.<\/p>\n\n\n\n<p>Dijo que con relaci\u00f3n a la ocupaci\u00f3n hospitalaria, los Servicios de Salud de Oaxaca registran el 20.7%, el Hospital Regional el 100%, Hospital de la Ni\u00f1ez Oaxaque\u00f1a 50%, SedenA 25%, ISSSTE 60.7%, IMSS r\u00e9gimen ordinario 42.3%, IMSS Bienestar 27.4%, PEMEX 16.7%, SEMAR 17.6%, y Privado 75%.<\/p>\n\n\n\n<p>Hay un global para la atenci\u00f3n de pacientes con Covid-19 del 35.9%, de los cuales el 40.4% son camas sin ventilador y el 28.6% de camas con ventilador.<\/p>\n\n\n\n<p>\u201cTenemos que cuidarnos. J\u00f3venes, personas adultas, ni\u00f1as y ni\u00f1os, necesitamos apoyar a las y los m\u00e9dicos intensivistas, al personal de urgencias y de consulta externa que se encuentran en la primera l\u00ednea de batalla y que ya est\u00e1n cansados y agotados. Es importante que seamos solidarios y sigamos con las medidas de prevenci\u00f3n como el uso de cubrebocas, permanecer en casa, actuar con responsabilidad y sensibilizarse con los m\u00e9dicos que est\u00e1n en los hospitales Covid\u201d, finaliz\u00f3.<\/p>\n","protected":false},"excerpt":{"rendered":"<p>Redacci\u00f3n\/Zona Roja. Oaxaca de Ju\u00e1rez, Oax. 9 de diciembre de 2020.- Los Servicios de Salud&hellip;<\/p>\n","protected":false},"author":2,"featured_media":21073,"comment_status":"closed","ping_status":"open","sticky":false,"template":"","format":"standard","meta":{"_lmt_disableupdate":"","_lmt_disable":"","_jetpack_memberships_contains_paid_content":false,"footnotes":""},"categories":[109,47],"tags":[1512],"class_list":["post-21072","post","type-post","status-publish","format-standard","has-post-thumbnail","hentry","category-minuto-a-minuto","category-zona-gris","tag-coronavirus-oaxaca"],"jetpack_featured_media_url":"https:\/\/zonaroja.com.mx\/wp-content\/uploads\/2020\/12\/SSO-1-3.jpeg","jetpack_sharing_enabled":true,"_links":{"self":[{"href":"https:\/\/zonaroja.com.mx\/index.php?rest_route=\/wp\/v2\/posts\/21072","targetHints":{"allow":["GET"]}}],"collection":[{"href":"https:\/\/zonaroja.com.mx\/index.php?rest_route=\/wp\/v2\/posts"}],"about":[{"href":"https:\/\/zonaroja.com.mx\/index.php?rest_route=\/wp\/v2\/types\/post"}],"author":[{"embeddable":true,"href":"https:\/\/zonaroja.com.mx\/index.php?rest_route=\/wp\/v2\/users\/2"}],"replies":[{"embeddable":true,"href":"https:\/\/zonaroja.com.mx\/index.php?rest_route=%2Fwp%2Fv2%2Fcomments&post=21072"}],"version-history":[{"count":1,"href":"https:\/\/zonaroja.com.mx\/index.php?rest_route=\/wp\/v2\/posts\/21072\/revisions"}],"predecessor-version":[{"id":21074,"href":"https:\/\/zonaroja.com.mx\/index.php?rest_route=\/wp\/v2\/posts\/21072\/revisions\/21074"}],"wp:featuredmedia":[{"embeddable":true,"href":"https:\/\/zonaroja.com.mx\/index.php?rest_route=\/wp\/v2\/media\/21073"}],"wp:attachment":[{"href":"https:\/\/zonaroja.com.mx\/index.php?rest_route=%2Fwp%2Fv2%2Fmedia&parent=21072"}],"wp:term":[{"taxonomy":"category","embeddable":true,"href":"https:\/\/zonaroja.com.mx\/index.php?rest_route=%2Fwp%2Fv2%2Fcategories&post=21072"},{"taxonomy":"post_tag","embeddable":true,"href":"https:\/\/zonaroja.com.mx\/index.php?rest_route=%2Fwp%2Fv2%2Ftags&post=21072"}],"curies":[{"name":"wp","href":"https:\/\/api.w.org\/{rel}","templated":true}]}}