{"id":21084,"date":"2020-12-10T07:45:31","date_gmt":"2020-12-10T13:45:31","guid":{"rendered":"http:\/\/www.zonaroja.com.mx\/?p=21084"},"modified":"2020-12-10T07:45:39","modified_gmt":"2020-12-10T13:45:39","slug":"hablar-de-la-violencia-sexual-al-interior-de-las-escuelas-coadyuva-a-erradicacion","status":"publish","type":"post","link":"https:\/\/zonaroja.com.mx\/?p=21084","title":{"rendered":"Hablar de la violencia sexual al interior de las escuelas coadyuva a erradicaci\u00f3n"},"content":{"rendered":"\n<p>Evlin Arag\u00f3n\/Zona Roja.<\/p>\n\n\n\n<p>Oaxaca de Ju\u00e1rez, Oax., 10 de diciembre de 2020.- \u201cEl acoso y el hostigamiento sexual son delitos y deben ser sancionados por las autoridades de cualquier \u00e1mbito, incluidas las instituciones educativas\u201d, asegur\u00f3 Niz Yamille G\u00f3mez Hern\u00e1ndez, titular de la Direcci\u00f3n de Equidad y G\u00e9nero de la Universidad Aut\u00f3noma \u201cBenito Ju\u00e1rez\u201d de Oaxaca (UABJO), en el marco del arranque de la jornada virtual \u201cIdentificando la violencia sexual y conociendo alternativas\u201d.<\/p>\n\n\n\n<p>Dicho proceso formativo cont\u00f3 con la participaci\u00f3n de Aurea Ceja Albanes y Ang\u00e9lica Ayala Ortiz, quienes conversaron sobre la importancia de identificar la violencia sexual en los diferentes \u00e1mbitos de la vida p\u00fablica y privada, incluyendo la escuela, donde lamentablemente existen altos \u00edndices de acoso y hostigamiento por compa\u00f1eros de clase o docentes.&nbsp;&nbsp;&nbsp;<\/p>\n\n\n\n<p>\u201cLa violencia sexual es toda actividad sexual que ocurre sin el mutuo consentimiento. Hay circunstancias en las que no estamos en condiciones de dar consentimiento, nunca s responsabilidad de la v\u00edctima\u201d, dijo la sex\u00f3logo y especialista en temas de g\u00e9nero y feministas Aurea Ceja Alban\u00e9s.<\/p>\n\n\n\n<p>De acuerdo con la especialista, es necesario hablar de acoso y hostigamiento al interior de las instituciones educativas, con la intenci\u00f3n de impulsar acciones que deriven en la erradicaci\u00f3n de la problem\u00e1tica que afecta emocional, psicol\u00f3gica y f\u00edsicamente a las v\u00edctimas.&nbsp;<\/p>\n\n\n\n<p>Explic\u00f3 que las dos acciones, independientemente de configurar un delito, responden a la discriminaci\u00f3n y desigualdad que niega los derechos de las mujeres, particularmente el de vivir libre de violencia, reconocida a nivel estatal, nacional e internacional.&nbsp;<\/p>\n\n\n\n<p>As\u00ed mismo, Ceja Alban\u00e9s manifest\u00f3 que a\u00fan existe tolerancia y normalizaci\u00f3n de la violencia sexual a nivel social e institucional, lo cual impide que las denuncias de estudiantes, docentes y trabajadoras de la Universidad se concreten, lo que hace pensar que hay muchos m\u00e1s casos de los que se pueden nombrar al interior, toda vez que la mayor\u00eda no se hace p\u00fablica.<\/p>\n\n\n\n<p>\u201cA m\u00ed me ha tocado escuchar a los maestros de educaci\u00f3n media superior justificar la violencia al decir que fue ella \u2013la alumna- la que me dijo como podr\u00edamos arreglar el tema de las calificaciones\u201d, de ah\u00ed que sea necesario hablar de la violencia sexual al interior de las escuelas.<\/p>\n\n\n\n<p>Record\u00f3 que el acoso y el hostigamiento incluye: tocamientos, pellizcos, caricias, acercamientos, abrazos y besos innecesarios, piropos, comentarios, insinuaciones, bromas e invitaciones sexuales, insultos, amenazas, mensajes de texto sexualmente expl\u00edcitos, entre otras formas que pueden venir de compa\u00f1eros de clase y docentes, y que por sus caracter\u00edsticas incomodan a las v\u00edctimas.&nbsp;&nbsp;<\/p>\n\n\n\n<p>La especialista indic\u00f3 que el cambio de la educaci\u00f3n a las plataformas virtuales, debido a la pandemia, hace necesaria la conversaci\u00f3n de temas como la violencia sexual que puede registrarse con mayor frecuencia y sin la posibilidad de que exista atenci\u00f3n particular.&nbsp;<\/p>\n\n\n\n<p>Finalmente indic\u00f3 que el acoso y el hostigamiento que se vive al interior de las escuelas tienen efectos reales en la vida de las v\u00edctimas quienes padecen: estr\u00e9s, ansiedad, depresi\u00f3n, nerviosismo, irritabilidad, angustia, agresividad, desaparici\u00f3n o impotencia, rechazo al estudio o trabajo, aislamiento, trastornos del sue\u00f1o y gastrointestinales, alergia y enfermedades en la piel, entre otras.&nbsp;<\/p>\n\n\n\n<p>\u201cLa escuela deber\u00eda ser un espacio seguro para todas las personas y eso es parte fundamental de un ambiente de aprendizaje, si una parte de la poblaci\u00f3n no tiene esta oportunidad la Universidad no est\u00e1 cumpliendo con su funci\u00f3n fundamental que es educar, por eso necesitamos reconocer el tema y actuar ante ello\u201d, sentenci\u00f3.&nbsp;&nbsp;&nbsp;&nbsp;<\/p>\n\n\n\n<p>Por su parte, el rector Eduardo Bautista Mart\u00ednez, asegur\u00f3 que la UABJO est\u00e1 comprometida en construir una universidad con espacios libres de violencia, as\u00ed como se estableci\u00f3 en el Plan Estatal de Desarrollo y las acciones emprendidas durante su administraci\u00f3n, aunque reconocido hace falta mucho por hacer en torno a la problem\u00e1tica que es real en el \u00e1mbito escolar.&nbsp;<\/p>\n\n\n\n<p>\u201cHace falta mucho por hacer lo tenemos claro, pero tambi\u00e9n hay voluntad y disposici\u00f3n de muchas personas al interior de la universidad que colocan en la agenda acciones para la prevenci\u00f3n de la violencia\u201d, dijo.\u00a0\u00a0<\/p>\n\n\n\n<p>Aqu\u00ed la transmisi\u00f3n:<\/p>\n\n\n\n<p><div class=\"fb-video\" data-allowfullscreen=\"true\" data-href=\"https:\/\/www.facebook.com\/DIEG.UABJO.MX\/videos\/380897693141574\" style=\"background-color: #fff; display: inline-block;\"><\/div><\/p>\n\n\n\n<figure class=\"wp-block-image\"><img decoding=\"async\" src=\"https:\/\/outlook.live.com\/f0b6df28-bf2f-46b8-a767-ae52995f1fb2\" alt=\"\" \/><\/figure>\n","protected":false},"excerpt":{"rendered":"<p>Evlin Arag\u00f3n\/Zona Roja. Oaxaca de Ju\u00e1rez, Oax., 10 de diciembre de 2020.- \u201cEl acoso y&hellip;<\/p>\n","protected":false},"author":2,"featured_media":21085,"comment_status":"closed","ping_status":"open","sticky":false,"template":"","format":"standard","meta":{"_lmt_disableupdate":"","_lmt_disable":"","_jetpack_memberships_contains_paid_content":false,"footnotes":""},"categories":[109,46],"tags":[755],"class_list":["post-21084","post","type-post","status-publish","format-standard","has-post-thumbnail","hentry","category-minuto-a-minuto","category-zona-blanca","tag-direccion-de-equidad-y-genero-uabjo"],"jetpack_featured_media_url":"https:\/\/zonaroja.com.mx\/wp-content\/uploads\/2020\/12\/2-1-2.jpg","jetpack_sharing_enabled":true,"_links":{"self":[{"href":"https:\/\/zonaroja.com.mx\/index.php?rest_route=\/wp\/v2\/posts\/21084","targetHints":{"allow":["GET"]}}],"collection":[{"href":"https:\/\/zonaroja.com.mx\/index.php?rest_route=\/wp\/v2\/posts"}],"about":[{"href":"https:\/\/zonaroja.com.mx\/index.php?rest_route=\/wp\/v2\/types\/post"}],"author":[{"embeddable":true,"href":"https:\/\/zonaroja.com.mx\/index.php?rest_route=\/wp\/v2\/users\/2"}],"replies":[{"embeddable":true,"href":"https:\/\/zonaroja.com.mx\/index.php?rest_route=%2Fwp%2Fv2%2Fcomments&post=21084"}],"version-history":[{"count":1,"href":"https:\/\/zonaroja.com.mx\/index.php?rest_route=\/wp\/v2\/posts\/21084\/revisions"}],"predecessor-version":[{"id":21086,"href":"https:\/\/zonaroja.com.mx\/index.php?rest_route=\/wp\/v2\/posts\/21084\/revisions\/21086"}],"wp:featuredmedia":[{"embeddable":true,"href":"https:\/\/zonaroja.com.mx\/index.php?rest_route=\/wp\/v2\/media\/21085"}],"wp:attachment":[{"href":"https:\/\/zonaroja.com.mx\/index.php?rest_route=%2Fwp%2Fv2%2Fmedia&parent=21084"}],"wp:term":[{"taxonomy":"category","embeddable":true,"href":"https:\/\/zonaroja.com.mx\/index.php?rest_route=%2Fwp%2Fv2%2Fcategories&post=21084"},{"taxonomy":"post_tag","embeddable":true,"href":"https:\/\/zonaroja.com.mx\/index.php?rest_route=%2Fwp%2Fv2%2Ftags&post=21084"}],"curies":[{"name":"wp","href":"https:\/\/api.w.org\/{rel}","templated":true}]}}