{"id":21087,"date":"2020-12-10T07:56:40","date_gmt":"2020-12-10T13:56:40","guid":{"rendered":"http:\/\/www.zonaroja.com.mx\/?p=21087"},"modified":"2020-12-10T07:56:44","modified_gmt":"2020-12-10T13:56:44","slug":"respalda-secretaria-de-pueblos-indigenas-a-comunidad-zapoteca-de-yatzeche","status":"publish","type":"post","link":"https:\/\/zonaroja.com.mx\/?p=21087","title":{"rendered":"Respalda Secretar\u00eda de Pueblos Ind\u00edgenas a comunidad zapoteca de Yatzeche"},"content":{"rendered":"\n<p>Redacci\u00f3n\/Zona Roja.<\/p>\n\n\n\n<p>Oaxaca de Ju\u00e1rez, Oax., 9 de diciembre de 2020.- Los titulares de las secretar\u00edas de Pueblos Ind\u00edgenas y Afromexicano (Sepia), Eufrosina Cruz Mendoza, y de las Infraestructuras y el Ordenamiento Territorial Sustentable (Sinfra), Javier Lazcano Vargas, iniciaron acciones con la presidenta municipal de Santa In\u00e9s Yatzeche, Mar\u00eda de Jes\u00fas Saveche Mart\u00ednez, para apoyar el desarrollo de las familias de este lugar e impulsar la econom\u00eda local.<\/p>\n\n\n\n<p>Con ello, se prioriza el bienestar en los pueblos ind\u00edgenas y afromexicano de Oaxaca como una acci\u00f3n fundamental de la pol\u00edtica del gobernador Alejandro Murat Hinojosa, declar\u00f3 la secretaria Eufrosina Cruz Mendoza.<\/p>\n\n\n\n<p>Los secretarios y la presidenta dieron el banderazo de inicio a los trabajos de Sinfra para la construcci\u00f3n del mercado municipal, ubicado a un costado del palacio municipal, as\u00ed como de un techado y cancha en la escuela telesecundaria, mismos que requerir\u00e1n una inversi\u00f3n superior a los cinco millones de pesos.<\/p>\n\n\n\n<p>Durante el acto que se llev\u00f3 a cabo con apego a las medidas sanitarias dispuestas por las autoridades de salud, la titular de la Sepia entreg\u00f3 est\u00edmulos econ\u00f3micos como parte del programa \u201cMujeres Familia\u201d que tiene como objetivo el empoderamiento econ\u00f3mico de las mujeres ind\u00edgenas y afromexicanas jefas de familia.<\/p>\n\n\n\n<figure class=\"wp-block-embed-twitter wp-block-embed is-type-rich is-provider-twitter\"><div class=\"wp-block-embed__wrapper\">\n<div class=\"twitter-tweet\"><blockquote class=\"twitter-tweet\" data-lang=\"es\"><p lang=\"es\" dir=\"ltr\">Don Justo y habitantes de San Juan Guelav\u00eda hoy ven claro y diferente, gracias al programa <a href=\"https:\/\/twitter.com\/hashtag\/VerAOaxacaConAmor?src=hash&amp;ref_src=twsrc%5Etfw\">#VerAOaxacaConAmor<\/a>; estoy muy agradecida con las fundaciones <a href=\"https:\/\/twitter.com\/Opticas_Devlyn?ref_src=twsrc%5Etfw\">@Opticas_Devlyn<\/a>, <a href=\"https:\/\/twitter.com\/Essilor?ref_src=twsrc%5Etfw\">@Essilor<\/a> y con el gobernador <a href=\"https:\/\/twitter.com\/alejandromurat?ref_src=twsrc%5Etfw\">@alejandromurat<\/a> por sumar esfuerzos y hacer de la salud visual una realidad. <a href=\"https:\/\/t.co\/I3S24eKTi9\">pic.twitter.com\/I3S24eKTi9<\/a><\/p>&mdash; Eufrosina Cruz (@EufrosinaCruz) <a href=\"https:\/\/twitter.com\/EufrosinaCruz\/status\/1336811595213758467?ref_src=twsrc%5Etfw\">9 de diciembre de 2020<\/a><\/blockquote><\/div>\n<\/div><\/figure>\n\n\n\n<p>\u201cEstoy orgullosa de que en Santa In\u00e9s Yatzeche haya una presidenta municipal y adem\u00e1s que sea el Cabildo de usos y costumbres con m\u00e1s mujeres; trabajando en equipo con el municipio y el abrazo del gobernador Alejandro Murat estamos apoyando la creaci\u00f3n de econom\u00edas locales que beneficiar\u00e1n a ni\u00f1as, ni\u00f1os, j\u00f3venes, mujeres y personas mayores\u201d, puntualiz\u00f3 la titular de la Sepia.<\/p>\n\n\n\n<p>En su participaci\u00f3n, el titular de la Sinfra, Javier Lazcano Vargas, destac\u00f3 que las obras permitir\u00e1n mejorar las condiciones del comercio e impulsar la econom\u00eda local en favor de las familias zapotecas de este municipio de los Valles Centrales.<\/p>\n\n\n\n<p>Explic\u00f3 que los locatarios, en su mayor\u00eda mujeres, contar\u00e1n con mejores condiciones para la venta de sus productos, alimentos, artesan\u00edas y tlayudas, ya que este lugar se distingue por las mujeres que se dedican a esta actividad.<\/p>\n\n\n\n<p>A su vez, Saveche Mart\u00ednez, quien es la primera mujer en ocupar la presidencia de este lugar y que fue reelecta para un segundo periodo, agradeci\u00f3 el apoyo del gobernador Alejandro Murat y del titular de Sinfra, para la construcci\u00f3n del mercado, as\u00ed como del techado y cancha en la escuela telesecundaria. Dijo que estas obras eran una demanda de la poblaci\u00f3n desde hace muchos a\u00f1os y ahora se har\u00e1n realidad.<\/p>\n\n\n\n<p>Asimismo, se llev\u00f3 a cabo la inauguraci\u00f3n de un m\u00f3dulo electr\u00f3nico del Registro Civil para el tr\u00e1mite de actas de nacimiento. Se destac\u00f3 que con este m\u00f3dulo, la poblaci\u00f3n ya no tendr\u00e1n que gastar en viajes a Zimatl\u00e1n para realizar este tr\u00e1mite y representar\u00e1 un ahorro importante para los pobladores.<\/p>\n","protected":false},"excerpt":{"rendered":"<p>Redacci\u00f3n\/Zona Roja. Oaxaca de Ju\u00e1rez, Oax., 9 de diciembre de 2020.- Los titulares de las&hellip;<\/p>\n","protected":false},"author":2,"featured_media":21088,"comment_status":"closed","ping_status":"open","sticky":false,"template":"","format":"standard","meta":{"_lmt_disableupdate":"","_lmt_disable":"","_jetpack_memberships_contains_paid_content":false,"footnotes":""},"categories":[109,46],"tags":[2175,2174],"class_list":["post-21087","post","type-post","status-publish","format-standard","has-post-thumbnail","hentry","category-minuto-a-minuto","category-zona-blanca","tag-eufrosina-cruz-mendoza","tag-secretaria-de-pueblos-indigenas-y-afromexicano-sepia"],"jetpack_featured_media_url":"https:\/\/zonaroja.com.mx\/wp-content\/uploads\/2020\/12\/Eufrosina-Cruz-Yatzeche.jpg","jetpack_sharing_enabled":true,"_links":{"self":[{"href":"https:\/\/zonaroja.com.mx\/index.php?rest_route=\/wp\/v2\/posts\/21087","targetHints":{"allow":["GET"]}}],"collection":[{"href":"https:\/\/zonaroja.com.mx\/index.php?rest_route=\/wp\/v2\/posts"}],"about":[{"href":"https:\/\/zonaroja.com.mx\/index.php?rest_route=\/wp\/v2\/types\/post"}],"author":[{"embeddable":true,"href":"https:\/\/zonaroja.com.mx\/index.php?rest_route=\/wp\/v2\/users\/2"}],"replies":[{"embeddable":true,"href":"https:\/\/zonaroja.com.mx\/index.php?rest_route=%2Fwp%2Fv2%2Fcomments&post=21087"}],"version-history":[{"count":1,"href":"https:\/\/zonaroja.com.mx\/index.php?rest_route=\/wp\/v2\/posts\/21087\/revisions"}],"predecessor-version":[{"id":21089,"href":"https:\/\/zonaroja.com.mx\/index.php?rest_route=\/wp\/v2\/posts\/21087\/revisions\/21089"}],"wp:featuredmedia":[{"embeddable":true,"href":"https:\/\/zonaroja.com.mx\/index.php?rest_route=\/wp\/v2\/media\/21088"}],"wp:attachment":[{"href":"https:\/\/zonaroja.com.mx\/index.php?rest_route=%2Fwp%2Fv2%2Fmedia&parent=21087"}],"wp:term":[{"taxonomy":"category","embeddable":true,"href":"https:\/\/zonaroja.com.mx\/index.php?rest_route=%2Fwp%2Fv2%2Fcategories&post=21087"},{"taxonomy":"post_tag","embeddable":true,"href":"https:\/\/zonaroja.com.mx\/index.php?rest_route=%2Fwp%2Fv2%2Ftags&post=21087"}],"curies":[{"name":"wp","href":"https:\/\/api.w.org\/{rel}","templated":true}]}}