{"id":21094,"date":"2020-12-10T13:51:18","date_gmt":"2020-12-10T19:51:18","guid":{"rendered":"https:\/\/www.zonaroja.com.mx\/?p=21094"},"modified":"2020-12-10T13:51:21","modified_gmt":"2020-12-10T19:51:21","slug":"arrecian-protestas-en-la-capital-de-oaxaca-este-jueves-otras-cinco","status":"publish","type":"post","link":"https:\/\/zonaroja.com.mx\/?p=21094","title":{"rendered":"Arrecian protestas en la capital de Oaxaca, este jueves, otras cinco"},"content":{"rendered":"\n<p class=\"MsoNormal\">Yuridiana Sosa\/Zona Roja.<\/p>\n\n\n\n<p class=\"MsoNormal\">Oaxaca de Ju\u00e1rez, Oax., 10 de diciembre de 2020.- Las manifestaciones en la capital oaxaque\u00f1a no tienen control ante los incumplimientos de la Secretar\u00eda General de Gobierno (Segego), principalmente, a los distintos acuerdos con pobladores y autoridades en las distintas regiones del estado.<\/p>\n\n\n\n<p class=\"MsoNormal\">El Consejo Ind\u00edgena Popular de Oaxaca \u201cRicardo Flores Mag\u00f3n\u201d (CIPO-RFM) se manifest\u00f3 frente a la Defensor\u00eda de los Derechos Humanos de Oaxaca (DDHPO) para demandar su intervenci\u00f3n, a fin de salvaguardar la integridad de defensores de derechos humanos, pero tambi\u00e9n denunci\u00f3 el incumplimiento de la Segego a diversos acuerdos establecidos el pasado 19 de octubre.<\/p>\n\n\n\n<p class=\"MsoNormal\">Destac\u00f3 que el titular de la Segego, Francisco Garc\u00eda L\u00f3pez, no ha ofrecido informaci\u00f3n sobre los avances que pudieran existir con relaci\u00f3n a las demandas sociales, por lo que en pr\u00f3ximos d\u00edas reactivaran protestas en la capital.<\/p>\n\n\n\n<p class=\"MsoNormal\">En temas de derechos humanos, en referencia a que este d\u00eda se conmemora el D\u00eda Internacional de Derechos Humanos, el dirigente Miguel Cruz se\u00f1al\u00f3 que el gobierno y de forma espec\u00edfica la Fiscal\u00eda General de Oaxaca, se niegan a implementar el mecanismo de protecci\u00f3n a favor de un grupo de defensoras ind\u00edgenas chinantecas, de la Cuenca, a pesar que el gobierno de M\u00e9xico orden\u00f3 la implementaci\u00f3n de seguridad para garantizar su integridad.<\/p>\n\n\n\n<p class=\"MsoNormal\">As\u00ed tambi\u00e9n, por m\u00e1s de 15 a\u00f1os, la autoridad estatal no ha establecido las garant\u00edas para que el defensor de derechos humanos, Ra\u00fal Gatica, regrese a M\u00e9xico de su exilio en Canad\u00e1, desde el 2005.<\/p>\n\n\n\n<p class=\"MsoNormal\">CASA OFICIAL DE PROTESTAS<\/p>\n\n\n\n<p class=\"MsoNormal\">La Casa Oficial del gobernador Alejandro Murat, volvi\u00f3 a ser sede de protestas <a href=\"\/\/3\">este jueves<\/a>, hasta donde habitantes de distintas localidades arribaron para exigir atenci\u00f3n y soluci\u00f3n inmediata a sus demandas atrasadas.<\/p>\n\n\n\n<p class=\"MsoNormal\">De la agencia de Cadiani, de la capital del estado, arribaron para demandar a la Segego cumplir con el compromiso que del inicio de obras por parte de los Servicios de Agua Potable y Alcantarillado de Oaxaca (SAPAO), el cual qued\u00f3 pactado para noviembre.<\/p>\n\n\n\n<p class=\"MsoNormal\">Los inconformes llegaron con una pipa de aguas residuales y amenazaron con verterlas a puerta de la Casa Oficial y sobre la avenida Ju\u00e1rez, en el centro hist\u00f3rico de la capital.<\/p>\n\n\n\n<p class=\"MsoNormal\">Al lugar tambi\u00e9n arribaron, una vez m\u00e1s, habitantes de San Antonino Monteverde para exigir la liberaci\u00f3n de recursos para caminos cosecheros. Entre ambos grupos mantuvieron el bloqueo de la zona, la cual fue liberada al mediod\u00eda.&nbsp;<\/p>\n\n\n\n<p class=\"MsoNormal\">Mientras que a la Alameda de Le\u00f3n, sobre la calle de Hidalgo, un grupo de trabajadores muebleros intentaron instalarse con la verbena de comerciantes informales que lleg\u00f3 desde el pasado martes en el z\u00f3calo de la capital.<\/p>\n\n\n\n<p class=\"MsoNormal\">Los muebleros, que no son representados por ninguna organizaci\u00f3n social, fueron retirados por elementos policiales, mientras que el grupo de verbeneros liderados por el ex diputado federal Hugo Jarqu\u00edn permanecen a pesar de los riesgos que su presencia implica frente a la pandemia de Covid-19.&nbsp;<\/p>\n\n\n\n<p class=\"MsoNormal\">Otra protesta fue por parte, tambi\u00e9n en la capital, habitantes de San Antonino arribaron a las oficinas de la delegaci\u00f3n de la Secretar\u00eda de Medio Ambiente y Recursos Naturales. A la sede federal tambi\u00e9n arribaron pobladores de Santa Ana Zegache, quienes irrumpieron en el inmueble para exigir atenci\u00f3n al problema de un requerimiento de impacto ambiental.<\/p>\n","protected":false},"excerpt":{"rendered":"<p>Yuridiana Sosa\/Zona Roja. Oaxaca de Ju\u00e1rez, Oax., 10 de diciembre de 2020.- Las manifestaciones en&hellip;<\/p>\n","protected":false},"author":2,"featured_media":21093,"comment_status":"closed","ping_status":"open","sticky":false,"template":"","format":"standard","meta":{"_lmt_disableupdate":"","_lmt_disable":"","_jetpack_memberships_contains_paid_content":false,"footnotes":""},"categories":[109,47],"tags":[],"class_list":["post-21094","post","type-post","status-publish","format-standard","has-post-thumbnail","hentry","category-minuto-a-minuto","category-zona-gris"],"jetpack_featured_media_url":"https:\/\/zonaroja.com.mx\/wp-content\/uploads\/2020\/12\/7c53c64c-a2db-46c1-9126-1761f004fc21.jpg","jetpack_sharing_enabled":true,"_links":{"self":[{"href":"https:\/\/zonaroja.com.mx\/index.php?rest_route=\/wp\/v2\/posts\/21094","targetHints":{"allow":["GET"]}}],"collection":[{"href":"https:\/\/zonaroja.com.mx\/index.php?rest_route=\/wp\/v2\/posts"}],"about":[{"href":"https:\/\/zonaroja.com.mx\/index.php?rest_route=\/wp\/v2\/types\/post"}],"author":[{"embeddable":true,"href":"https:\/\/zonaroja.com.mx\/index.php?rest_route=\/wp\/v2\/users\/2"}],"replies":[{"embeddable":true,"href":"https:\/\/zonaroja.com.mx\/index.php?rest_route=%2Fwp%2Fv2%2Fcomments&post=21094"}],"version-history":[{"count":1,"href":"https:\/\/zonaroja.com.mx\/index.php?rest_route=\/wp\/v2\/posts\/21094\/revisions"}],"predecessor-version":[{"id":21095,"href":"https:\/\/zonaroja.com.mx\/index.php?rest_route=\/wp\/v2\/posts\/21094\/revisions\/21095"}],"wp:featuredmedia":[{"embeddable":true,"href":"https:\/\/zonaroja.com.mx\/index.php?rest_route=\/wp\/v2\/media\/21093"}],"wp:attachment":[{"href":"https:\/\/zonaroja.com.mx\/index.php?rest_route=%2Fwp%2Fv2%2Fmedia&parent=21094"}],"wp:term":[{"taxonomy":"category","embeddable":true,"href":"https:\/\/zonaroja.com.mx\/index.php?rest_route=%2Fwp%2Fv2%2Fcategories&post=21094"},{"taxonomy":"post_tag","embeddable":true,"href":"https:\/\/zonaroja.com.mx\/index.php?rest_route=%2Fwp%2Fv2%2Ftags&post=21094"}],"curies":[{"name":"wp","href":"https:\/\/api.w.org\/{rel}","templated":true}]}}