{"id":21097,"date":"2020-12-10T14:48:06","date_gmt":"2020-12-10T20:48:06","guid":{"rendered":"https:\/\/www.zonaroja.com.mx\/?p=21097"},"modified":"2020-12-10T14:50:14","modified_gmt":"2020-12-10T20:50:14","slug":"piden-cese-inmediato-del-titular-de-osfeo-por-incumplir-la-ley","status":"publish","type":"post","link":"https:\/\/zonaroja.com.mx\/?p=21097","title":{"rendered":"Piden cese inmediato del titular de OSFEO, por incumplir la ley"},"content":{"rendered":"\n<p class=\"MsoNormal\">Evlin Arag\u00f3n\/Zona Roja. <\/p>\n\n\n\n<p class=\"MsoNormal\">Oaxaca de Ju\u00e1rez, Oax., 10 de diciembre de 2020.- El diputado local por el Partido del Trabajo, C\u00e9sar Morales Ni\u00f1o, pidi\u00f3 el cese inmediato de Guillermo Megch\u00fa Vel\u00e1squez, titular del \u00d3rgano Superior de Fiscalizaci\u00f3n del Estado de Oaxaca (OSFEO), quien -dijo- ha incurrido en actos ilegales en torno al informe de la deuda p\u00fablica.  <\/p>\n\n\n\n<p class=\"MsoNormal\">En tribuna y en el marco del D\u00eda Internacional contra la Corrupci\u00f3n, el legislador asegur\u00f3 ayer que en ning\u00fan apartado de la Constituci\u00f3n se le permite al auditor entregar de forma parcial el Informe de la Cuenta P\u00fablica del Estado y los municipios como lo hizo, mucho menos sin saber cu\u00e1ndo entregar\u00e1 el complemento.  <\/p>\n\n\n\n<p class=\"MsoNormal\">\u201cNo podemos pedirle al OSFEO que entregue completa el estado completo de las auditorias porque ya est\u00e1n fuera de tiempo. El se\u00f1or violent\u00f3 la Constituci\u00f3n y ya tendr\u00eda que estar separado del cargo de manera autom\u00e1tica, no solicit\u00f3 prorroga como marca la ley ni le fue autorizada por este Congreso, el se\u00f1or tiene que irse\u201d, dijo.&nbsp;&nbsp;<\/p>\n\n\n\n<p class=\"MsoNormal\">Morales Ni\u00f1o detall\u00f3 que fue en la sesi\u00f3n de este mi\u00e9rcoles 9 de diciembre que se notific\u00f3 de la entrega de dicho informe, que adem\u00e1s de estar fuera de tiempo, est\u00e1 incompleto, incurriendo en irregularidades que configuran acto de ilegalidad de m\u00e1ximo \u00f3rgano fiscalizador.&nbsp;&nbsp;<\/p>\n\n\n\n<p class=\"MsoNormal\">\u201cEs realmente preocupante que el titular del OSFEO nos pretende hacer creer que cumple con su obligaci\u00f3n de entregar el informe en el l\u00edmite del plazo, el cual venci\u00f3 el pasado 30 de noviembre y para lo cual no pidi\u00f3 prorroga, realiz\u00e1ndose de forma alevosa y dolosamente\u201d, asegur\u00f3.&nbsp;&nbsp;&nbsp;&nbsp;<\/p>\n\n\n\n<p class=\"MsoNormal\">Adem\u00e1s, indic\u00f3 que, de los 570 municipios existentes en Oaxaca, s\u00f3lo 26 fueron fiscalizados por la dependencia, sin fecha para que realice el resto y tampoco para que haga una segunda entrega del informe, toda vez que ello no est\u00e1 considerado en la ley, queriendo sorprender incluso a la 64 Legislatura.&nbsp;&nbsp;<\/p>\n\n\n\n<p class=\"MsoNormal\">Insisti\u00f3 en que el \u00f3rgano aut\u00f3nomo ha dejado mucho que desear en su quehacer fiscalizador, ha sido reprobado en sus informes ya que se han encontrado omisiones y actos oscuro de solventaciones, claro ejemplo las cuentas p\u00fablicas del 2017 que se encuentran viciadas de origen e impactan en el resultado que debe nulificarse.&nbsp;<\/p>\n\n\n\n<p class=\"MsoNormal\">Por ello Morales Ni\u00f1o reiter\u00f3 la solicitud del cese a Guillermo Megch\u00fa Vel\u00e1squez, as\u00ed como dar vista a las autoridades federales de las irregularidades en su actuar doloso, negligente e ilegal, con la intenci\u00f3n que se finquen responsabilidades en su contra.  <\/p>\n\n\n\n<p class=\"MsoNormal\">Finalmente pidi\u00f3 a la Comisi\u00f3n de Vigilancia que se realice una profunda revisi\u00f3n del quehacer del \u00f3rgano t\u00e9cnico y le permitan participar en el an\u00e1lisis de la Cuenta P\u00fablica.  <\/p>\n","protected":false},"excerpt":{"rendered":"<p>Evlin Arag\u00f3n\/Zona Roja. Oaxaca de Ju\u00e1rez, Oax., 10 de diciembre de 2020.- El diputado local&hellip;<\/p>\n","protected":false},"author":2,"featured_media":21096,"comment_status":"closed","ping_status":"open","sticky":false,"template":"","format":"standard","meta":{"_lmt_disableupdate":"","_lmt_disable":"","_jetpack_memberships_contains_paid_content":false,"footnotes":""},"categories":[109,47],"tags":[612],"class_list":["post-21097","post","type-post","status-publish","format-standard","has-post-thumbnail","hentry","category-minuto-a-minuto","category-zona-gris","tag-cesar-morales-nino"],"jetpack_featured_media_url":"https:\/\/zonaroja.com.mx\/wp-content\/uploads\/2020\/12\/6eeb68da-47e9-4d2e-9be7-c6a86cd4d595.jpg","jetpack_sharing_enabled":true,"_links":{"self":[{"href":"https:\/\/zonaroja.com.mx\/index.php?rest_route=\/wp\/v2\/posts\/21097","targetHints":{"allow":["GET"]}}],"collection":[{"href":"https:\/\/zonaroja.com.mx\/index.php?rest_route=\/wp\/v2\/posts"}],"about":[{"href":"https:\/\/zonaroja.com.mx\/index.php?rest_route=\/wp\/v2\/types\/post"}],"author":[{"embeddable":true,"href":"https:\/\/zonaroja.com.mx\/index.php?rest_route=\/wp\/v2\/users\/2"}],"replies":[{"embeddable":true,"href":"https:\/\/zonaroja.com.mx\/index.php?rest_route=%2Fwp%2Fv2%2Fcomments&post=21097"}],"version-history":[{"count":1,"href":"https:\/\/zonaroja.com.mx\/index.php?rest_route=\/wp\/v2\/posts\/21097\/revisions"}],"predecessor-version":[{"id":21098,"href":"https:\/\/zonaroja.com.mx\/index.php?rest_route=\/wp\/v2\/posts\/21097\/revisions\/21098"}],"wp:featuredmedia":[{"embeddable":true,"href":"https:\/\/zonaroja.com.mx\/index.php?rest_route=\/wp\/v2\/media\/21096"}],"wp:attachment":[{"href":"https:\/\/zonaroja.com.mx\/index.php?rest_route=%2Fwp%2Fv2%2Fmedia&parent=21097"}],"wp:term":[{"taxonomy":"category","embeddable":true,"href":"https:\/\/zonaroja.com.mx\/index.php?rest_route=%2Fwp%2Fv2%2Fcategories&post=21097"},{"taxonomy":"post_tag","embeddable":true,"href":"https:\/\/zonaroja.com.mx\/index.php?rest_route=%2Fwp%2Fv2%2Ftags&post=21097"}],"curies":[{"name":"wp","href":"https:\/\/api.w.org\/{rel}","templated":true}]}}